{"id":884,"date":"2020-12-30T13:08:33","date_gmt":"2020-12-30T13:08:33","guid":{"rendered":"https:\/\/www.elpolitologoyelpolitico.com.ar\/wordpress\/?p=884"},"modified":"2020-12-30T13:10:00","modified_gmt":"2020-12-30T13:10:00","slug":"el-concejo-deliberante-logro-trabajar-en-conjunto-llegando-a-un-consenso","status":"publish","type":"post","link":"https:\/\/www.elpolitologoyelpolitico.com.ar\/wordpress\/2020\/12\/30\/el-concejo-deliberante-logro-trabajar-en-conjunto-llegando-a-un-consenso\/","title":{"rendered":"EL CONCEJO DELIBERANTE LOGRO TRABAJAR EN CONJUNTO LLEGANDO A UN CONSENSO"},"content":{"rendered":"\t\t<div data-elementor-type=\"wp-post\" data-elementor-id=\"884\" class=\"elementor elementor-884\">\n\t\t\t\t\t\t<section class=\"elementor-section elementor-top-section elementor-element elementor-element-4454620b elementor-section-boxed elementor-section-height-default elementor-section-height-default\" data-id=\"4454620b\" data-element_type=\"section\" data-e-type=\"section\">\n\t\t\t\t\t\t<div class=\"elementor-container elementor-column-gap-default\">\n\t\t\t\t\t<div class=\"elementor-column elementor-col-100 elementor-top-column elementor-element elementor-element-5edaab72\" data-id=\"5edaab72\" data-element_type=\"column\" data-e-type=\"column\">\n\t\t\t<div class=\"elementor-widget-wrap elementor-element-populated\">\n\t\t\t\t\t\t<div class=\"elementor-element elementor-element-9800a29 elementor-widget elementor-widget-text-editor\" data-id=\"9800a29\" data-element_type=\"widget\" data-e-type=\"widget\" data-widget_type=\"text-editor.default\">\n\t\t\t\t<div class=\"elementor-widget-container\">\n\t\t\t\t\t\t\t\t\t\n<figure class=\"wp-block-image size-large\"><img fetchpriority=\"high\" decoding=\"async\" width=\"1022\" height=\"1024\" src=\"http:\/\/www.elpolitologoyelpolitico.com.ar:8081\/wordpress\/wp-content\/uploads\/2020\/12\/Screenshot_20201230-100318-1022x1024.png\" alt=\"\" class=\"wp-image-885\" srcset=\"https:\/\/www.elpolitologoyelpolitico.com.ar\/wp-content\/uploads\/2020\/12\/Screenshot_20201230-100318-1022x1024.png 1022w, https:\/\/www.elpolitologoyelpolitico.com.ar\/wp-content\/uploads\/2020\/12\/Screenshot_20201230-100318-300x300.png 300w, https:\/\/www.elpolitologoyelpolitico.com.ar\/wp-content\/uploads\/2020\/12\/Screenshot_20201230-100318-150x150.png 150w, https:\/\/www.elpolitologoyelpolitico.com.ar\/wp-content\/uploads\/2020\/12\/Screenshot_20201230-100318-768x769.png 768w, https:\/\/www.elpolitologoyelpolitico.com.ar\/wp-content\/uploads\/2020\/12\/Screenshot_20201230-100318.png 1078w\" sizes=\"(max-width: 1022px) 100vw, 1022px\" \/><\/figure>\n\n\n\n<p>Rosario Melluso, es concejal de Patagones (Juntos por el Cambio) y participa en la pol\u00edtica desde su etapa universitaria.  En la d\u00e9cada del \u00b480, empez\u00f3 a identificarse con un actor pol\u00edtico que ten\u00eda un discurso para la juventud, para la vuelta a la democracia, para la recuperaci\u00f3n de todas las instituciones y esa persona, era el ex presidente Ricardo Alfons\u00edn.  En 1983, se afilia al partido radical y empez\u00f3 a participar activamente en el comit\u00e9, con una mirada nueva, innovadora.  En las elecciones del 2001, comparti\u00f3 la boleta junto a Ra\u00fal Alfons\u00edn. En ese momento, Melluso encabezo la lista de concejales y el ex presidente iba como candidato a senador y visito el Partido de Patagones.  Durante la etapa 2001-2005, Rosario Melluso cumpli\u00f3 su funci\u00f3n como concejal en el Partido de Patagones. En el 2003, fue candidato a Intendente de Patagones por la Uni\u00f3n C\u00edvica Radical. En el 2005, fue candidato a diputado provincial y en el 2019 acompa\u00f1o la lista de Juntos por el cambio en el quinto lugar y como se corri\u00f3 la lista, porque Fabio Betinelli subi\u00f3 al ejecutivo, Melluso se incorpora al Concejo Deliberante.  Melluso, es el presidente de la Comisi\u00f3n de hacienda y presupuesto del Honorable Concejo Deliberante y en la \u00faltima sesi\u00f3n del a\u00f1o 2020, se dio la particularidad que por primera vez (despu\u00e9s de 5 a\u00f1os de gesti\u00f3n del actual Intendente Jos\u00e9 Luis Zara) se aprob\u00f3 el presupuesto y la ordenanza fiscal y tarifaria de diciembre por unanimidad.  Seg\u00fan el Concejal: \u201cLa pol\u00edtica es tomar decisiones todos los d\u00edas. Ya sea en la pol\u00edtica partidaria o de gobierno. A veces se acierta y otras veces no, con errores y con aciertos, con consensos o con disensos\u201d.  Es importante la Funci\u00f3n de todo actor pol\u00edtico y el ex candidato a intendente escribi\u00f3 tres plataformas municipales, analizando que acciones realizar en el partido de Patagones.  \u201cEl Estado es un organismo que puede distribuir la riqueza y su funci\u00f3n es lograr una equidad para todos los ciudadanos. El Estado debe asegurar la justicia, la salud, la educaci\u00f3n gratuita, la seguridad\u201d resalto Melluso. Para ser un dirigente pol\u00edtico, tenes que trabajar d\u00eda a d\u00eda para la sociedad, interactuando con todos los sectores que conforman la estructura pol\u00edtica. .  El municipio tiene que tener pol\u00edticas para todos y se encarga de gestionar varias cosas que antes no estaba en la agenda municipal.  Este a\u00f1o, fue muy dif\u00edcil sesionar, pero el concejo deliberante logro trabajar en conjunto  llegando a un consenso.  No existen datos precisos sobre las PASO (elecciones primarias, abiertas, simult\u00e1neas y obligatorias) pero en este 2020 varios sectores se empezaron a organizar, tanto a nivel Nacional, Provincial y Local para las elecciones del a\u00f1o entrante.  \u201cEn el Partido de Patagones la Uni\u00f3n C\u00edvica Radical, debe reunirse con el actual intendente de Patagones y otras agrupaciones, para dialogar sobre los pasos a seguir de cara a las elecciones legislativas 2021\u201d sostuvo Melluso. <\/p>\n\t\t\t\t\t\t\t\t<\/div>\n\t\t\t\t<\/div>\n\t\t\t\t\t<\/div>\n\t\t<\/div>\n\t\t\t\t\t<\/div>\n\t\t<\/section>\n\t\t\t\t<\/div>\n\t\t<div class=\"fb-background-color\">\n\t\t\t  <div \n\t\t\t  \tclass = \"fb-comments\" \n\t\t\t  \tdata-href = \"https:\/\/www.elpolitologoyelpolitico.com.ar\/wordpress\/2020\/12\/30\/el-concejo-deliberante-logro-trabajar-en-conjunto-llegando-a-un-consenso\/\"\n\t\t\t  \tdata-numposts = \"10\"\n\t\t\t  \tdata-lazy = \"true\"\n\t\t\t\tdata-colorscheme = \"light\"\n\t\t\t\tdata-order-by = \"social\"\n\t\t\t\tdata-mobile=true>\n\t\t\t  <\/div><\/div>\n\t\t  <style>\n\t\t    .fb-background-color {\n\t\t\t\tbackground: #ffffff !important;\n\t\t\t}\n\t\t\t.fb_iframe_widget_fluid_desktop iframe {\n\t\t\t    width: 100% !important;\n\t\t\t}\n\t\t  <\/style>\n\t\t  ","protected":false},"excerpt":{"rendered":"<p>Rosario Melluso, es concejal de Patagones (Juntos por el Cambio) y participa en la pol\u00edtica desde su etapa universitaria. En la d\u00e9cada del \u00b480, empez\u00f3 a identificarse con un actor pol\u00edtico que ten\u00eda un discurso para la juventud, para la vuelta a la democracia, para la recuperaci\u00f3n de todas las instituciones y esa persona, era [&hellip;]<\/p>\n","protected":false},"author":4,"featured_media":0,"comment_status":"closed","ping_status":"closed","sticky":false,"template":"","format":"standard","meta":{"_joinchat":[],"footnotes":""},"categories":[21],"tags":[],"class_list":["post-884","post","type-post","status-publish","format-standard","hentry","category-actores-politicos"],"_links":{"self":[{"href":"https:\/\/www.elpolitologoyelpolitico.com.ar\/wordpress\/wp-json\/wp\/v2\/posts\/884","targetHints":{"allow":["GET"]}}],"collection":[{"href":"https:\/\/www.elpolitologoyelpolitico.com.ar\/wordpress\/wp-json\/wp\/v2\/posts"}],"about":[{"href":"https:\/\/www.elpolitologoyelpolitico.com.ar\/wordpress\/wp-json\/wp\/v2\/types\/post"}],"author":[{"embeddable":true,"href":"https:\/\/www.elpolitologoyelpolitico.com.ar\/wordpress\/wp-json\/wp\/v2\/users\/4"}],"replies":[{"embeddable":true,"href":"https:\/\/www.elpolitologoyelpolitico.com.ar\/wordpress\/wp-json\/wp\/v2\/comments?post=884"}],"version-history":[{"count":0,"href":"https:\/\/www.elpolitologoyelpolitico.com.ar\/wordpress\/wp-json\/wp\/v2\/posts\/884\/revisions"}],"wp:attachment":[{"href":"https:\/\/www.elpolitologoyelpolitico.com.ar\/wordpress\/wp-json\/wp\/v2\/media?parent=884"}],"wp:term":[{"taxonomy":"category","embeddable":true,"href":"https:\/\/www.elpolitologoyelpolitico.com.ar\/wordpress\/wp-json\/wp\/v2\/categories?post=884"},{"taxonomy":"post_tag","embeddable":true,"href":"https:\/\/www.elpolitologoyelpolitico.com.ar\/wordpress\/wp-json\/wp\/v2\/tags?post=884"}],"curies":[{"name":"wp","href":"https:\/\/api.w.org\/{rel}","templated":true}]}}