{"id":823,"date":"2020-12-06T17:58:08","date_gmt":"2020-12-06T17:58:08","guid":{"rendered":"https:\/\/www.elpolitologoyelpolitico.com.ar\/wordpress\/?p=823"},"modified":"2020-12-06T18:02:01","modified_gmt":"2020-12-06T18:02:01","slug":"frente-alternativa-patagones-2","status":"publish","type":"post","link":"https:\/\/www.elpolitologoyelpolitico.com.ar\/wordpress\/2020\/12\/06\/frente-alternativa-patagones-2\/","title":{"rendered":"FRENTE ALTERNATIVA PATAGONES"},"content":{"rendered":"\t\t<div data-elementor-type=\"wp-post\" data-elementor-id=\"823\" class=\"elementor elementor-823\">\n\t\t\t\t\t\t<section class=\"elementor-section elementor-top-section elementor-element elementor-element-4bad393b elementor-section-boxed elementor-section-height-default elementor-section-height-default\" data-id=\"4bad393b\" data-element_type=\"section\" data-e-type=\"section\">\n\t\t\t\t\t\t<div class=\"elementor-container elementor-column-gap-default\">\n\t\t\t\t\t<div class=\"elementor-column elementor-col-100 elementor-top-column elementor-element elementor-element-58014475\" data-id=\"58014475\" data-element_type=\"column\" data-e-type=\"column\">\n\t\t\t<div class=\"elementor-widget-wrap elementor-element-populated\">\n\t\t\t\t\t\t<div class=\"elementor-element elementor-element-4cad2d89 elementor-widget elementor-widget-text-editor\" data-id=\"4cad2d89\" data-element_type=\"widget\" data-e-type=\"widget\" data-widget_type=\"text-editor.default\">\n\t\t\t\t<div class=\"elementor-widget-container\">\n\t\t\t\t\t\t\t\t\t\n<figure class=\"wp-block-image size-large is-style-default\"><img fetchpriority=\"high\" decoding=\"async\" width=\"1024\" height=\"374\" src=\"http:\/\/www.elpolitologoyelpolitico.com.ar:8081\/wordpress\/wp-content\/uploads\/2020\/12\/IMG-20201205-WA0013-1024x374.jpg\" alt=\"\" class=\"wp-image-802\" srcset=\"https:\/\/www.elpolitologoyelpolitico.com.ar\/wp-content\/uploads\/2020\/12\/IMG-20201205-WA0013-1024x374.jpg 1024w, https:\/\/www.elpolitologoyelpolitico.com.ar\/wp-content\/uploads\/2020\/12\/IMG-20201205-WA0013-300x110.jpg 300w, https:\/\/www.elpolitologoyelpolitico.com.ar\/wp-content\/uploads\/2020\/12\/IMG-20201205-WA0013-768x281.jpg 768w, https:\/\/www.elpolitologoyelpolitico.com.ar\/wp-content\/uploads\/2020\/12\/IMG-20201205-WA0013.jpg 1280w\" sizes=\"(max-width: 1024px) 100vw, 1024px\" \/><\/figure>\n\n\n\n<p>Alternativa Patagones, es un frente integrado por dirigentes pol\u00edticos, que tienen como objetivo principal, integrar el Concejo Deliberante del partido de Patagones.<br>Este espacio de participaci\u00f3n pol\u00edtica, est\u00e1 representado por dos actores pol\u00edticos a nivel nacional, como lo son Cynthia Hotton y Jos\u00e9 Luis Espert. En el partido de Patagones, los representantes de esos dos movimientos son Guillermo Skrt y Fabi\u00e1n Calvo.<br>Guillermo Skrt del Frente Despertar, no pudo participar como candidato a Intendente en las Elecciones Primarias, Abiertas, Simult\u00e1neas y Obligatorias (PASO) del 2019, ya que un Juez Federal con competencia electoral en la provincia de Buenos Aires, prohibi\u00f3 la impresi\u00f3n de todas las listas del Frente Despertar en esa provincia. Pero, continuaron trabajando de manera virtual de cara a las Elecciones Legislativas del a\u00f1o 2021 y las Elecciones Generales del 2023.<br>Por su parte, Fabi\u00e1n Calvo se postul\u00f3 a Intendente de Patagones por el Frente NOS y obtuvo 781 votos (3, 78% del padr\u00f3n).<br>Este a\u00f1o, se form\u00f3 el nuevo espacio de \u201cALTERNATIVA PATAGONES\u201d para construir un espacio com\u00fan que permita la inclusi\u00f3n y la participaci\u00f3n de todas las miradas y las opiniones individuales y de organizaciones sociales, para lograr una identidad pol\u00edtica.<br>ALTERNATIVA PATAGONES, apunta a crea un nuevo espacio pol\u00edtico pensando en las Elecciones Legislativa 2021, y as\u00ed lograr una representaci\u00f3n pol\u00edtica en el Concejo Deliberante.<br>La pandemia, llev\u00f3 a que los encuentros sean virtuales y se est\u00e9 trabajando en las redes sociales, donde aparecen como \u201cALTERNATIVA PATAGONES\u201d.<br>Las propuestas que tienen son las siguientes:<br>\u2022 Promover la Solidaridad, la vida, la familia, la educaci\u00f3n y la libertad.<br>\u2022 Implementar pol\u00edticas de estado que favorezcan la incorporaci\u00f3n del valor agregado a la producci\u00f3n primaria.<br>\u2022 Generar fuentes de trabajo con una buena remuneraci\u00f3n.<br>\u2022 Acompa\u00f1ar los micro-emprendimientos y las Pymes.<br>\u2022 Gestionar pol\u00edticas de turismo, gastronom\u00eda e industria.<\/p>\n\t\t\t\t\t\t\t\t<\/div>\n\t\t\t\t<\/div>\n\t\t\t\t\t<\/div>\n\t\t<\/div>\n\t\t\t\t\t<\/div>\n\t\t<\/section>\n\t\t\t\t<\/div>\n\t\t<div class=\"fb-background-color\">\n\t\t\t  <div \n\t\t\t  \tclass = \"fb-comments\" \n\t\t\t  \tdata-href = \"https:\/\/www.elpolitologoyelpolitico.com.ar\/wordpress\/2020\/12\/06\/frente-alternativa-patagones-2\/\"\n\t\t\t  \tdata-numposts = \"10\"\n\t\t\t  \tdata-lazy = \"true\"\n\t\t\t\tdata-colorscheme = \"light\"\n\t\t\t\tdata-order-by = \"social\"\n\t\t\t\tdata-mobile=true>\n\t\t\t  <\/div><\/div>\n\t\t  <style>\n\t\t    .fb-background-color {\n\t\t\t\tbackground: #ffffff !important;\n\t\t\t}\n\t\t\t.fb_iframe_widget_fluid_desktop iframe {\n\t\t\t    width: 100% !important;\n\t\t\t}\n\t\t  <\/style>\n\t\t  ","protected":false},"excerpt":{"rendered":"<p>Alternativa Patagones, es un frente integrado por dirigentes pol\u00edticos, que tienen como objetivo principal, integrar el Concejo Deliberante del partido de Patagones.Este espacio de participaci\u00f3n pol\u00edtica, est\u00e1 representado por dos actores pol\u00edticos a nivel nacional, como lo son Cynthia Hotton y Jos\u00e9 Luis Espert. En el partido de Patagones, los representantes de esos dos movimientos [&hellip;]<\/p>\n","protected":false},"author":4,"featured_media":0,"comment_status":"closed","ping_status":"closed","sticky":false,"template":"","format":"standard","meta":{"_joinchat":[],"footnotes":""},"categories":[5],"tags":[],"class_list":["post-823","post","type-post","status-publish","format-standard","hentry","category-partidos-politicos"],"_links":{"self":[{"href":"https:\/\/www.elpolitologoyelpolitico.com.ar\/wordpress\/wp-json\/wp\/v2\/posts\/823","targetHints":{"allow":["GET"]}}],"collection":[{"href":"https:\/\/www.elpolitologoyelpolitico.com.ar\/wordpress\/wp-json\/wp\/v2\/posts"}],"about":[{"href":"https:\/\/www.elpolitologoyelpolitico.com.ar\/wordpress\/wp-json\/wp\/v2\/types\/post"}],"author":[{"embeddable":true,"href":"https:\/\/www.elpolitologoyelpolitico.com.ar\/wordpress\/wp-json\/wp\/v2\/users\/4"}],"replies":[{"embeddable":true,"href":"https:\/\/www.elpolitologoyelpolitico.com.ar\/wordpress\/wp-json\/wp\/v2\/comments?post=823"}],"version-history":[{"count":0,"href":"https:\/\/www.elpolitologoyelpolitico.com.ar\/wordpress\/wp-json\/wp\/v2\/posts\/823\/revisions"}],"wp:attachment":[{"href":"https:\/\/www.elpolitologoyelpolitico.com.ar\/wordpress\/wp-json\/wp\/v2\/media?parent=823"}],"wp:term":[{"taxonomy":"category","embeddable":true,"href":"https:\/\/www.elpolitologoyelpolitico.com.ar\/wordpress\/wp-json\/wp\/v2\/categories?post=823"},{"taxonomy":"post_tag","embeddable":true,"href":"https:\/\/www.elpolitologoyelpolitico.com.ar\/wordpress\/wp-json\/wp\/v2\/tags?post=823"}],"curies":[{"name":"wp","href":"https:\/\/api.w.org\/{rel}","templated":true}]}}