{"id":6266,"date":"2021-08-04T22:03:52","date_gmt":"2021-08-04T22:03:52","guid":{"rendered":"https:\/\/www.elpolitologoyelpolitico.com.ar\/wordpress\/?p=6266"},"modified":"2021-08-04T22:04:05","modified_gmt":"2021-08-04T22:04:05","slug":"asumieron-las-comisiones-de-fomento-de-los-barrios-eva-peron-la-loma-y-bicentenario","status":"publish","type":"post","link":"https:\/\/www.elpolitologoyelpolitico.com.ar\/wordpress\/2021\/08\/04\/asumieron-las-comisiones-de-fomento-de-los-barrios-eva-peron-la-loma-y-bicentenario\/","title":{"rendered":"Asumieron las comisiones de Fomento de los barrios Eva Per\u00f3n, La Loma y Bicentenario"},"content":{"rendered":"\t\t<div data-elementor-type=\"wp-post\" data-elementor-id=\"6266\" class=\"elementor elementor-6266\">\n\t\t\t\t\t\t<section class=\"elementor-section elementor-top-section elementor-element elementor-element-66ed4712 elementor-section-boxed elementor-section-height-default elementor-section-height-default\" data-id=\"66ed4712\" data-element_type=\"section\" data-e-type=\"section\">\n\t\t\t\t\t\t<div class=\"elementor-container elementor-column-gap-default\">\n\t\t\t\t\t<div class=\"elementor-column elementor-col-100 elementor-top-column elementor-element elementor-element-60d6f21e\" data-id=\"60d6f21e\" data-element_type=\"column\" data-e-type=\"column\">\n\t\t\t<div class=\"elementor-widget-wrap elementor-element-populated\">\n\t\t\t\t\t\t<div class=\"elementor-element elementor-element-5610dcbb elementor-widget elementor-widget-text-editor\" data-id=\"5610dcbb\" data-element_type=\"widget\" data-e-type=\"widget\" data-widget_type=\"text-editor.default\">\n\t\t\t\t<div class=\"elementor-widget-container\">\n\t\t\t\t\t\t\t\t\t\n<p>El Intendente Municipal, Ing. Jos\u00e9 Luis Zara, recibi\u00f3 en su despacho a las nuevas autoridades de los barrios Eva Per\u00f3n, Bicentenario y La Loma.<\/p>\n\n\n\n<p>Estuvo acompa\u00f1ado por el Jefe de Gabinete, Fabio Bettinelli, el Secretario de Gobierno, Daniel Paredes, y la Directora de Gobierno, Adriana Llambay.<\/p>\n\n\n\n<p>En la oportunidad, mantuvo un ameno di\u00e1logo con los integrantes de las distintas comisiones y se interioriz\u00f3 sobre los proyectos de cada una, adem\u00e1s de escuchar las inquietudes con respecto a cada barrio.<\/p>\n\n\n\n<p>Luego, entreg\u00f3 a cada presidente electo el decreto de designaci\u00f3n correspondiente, el libro de actas y dem\u00e1s diligencias para que inicien formalmente su actividad.<\/p>\n\n\n\n<figure class=\"wp-block-gallery columns-3 is-cropped wp-block-gallery-2 is-layout-flex wp-block-gallery-is-layout-flex\"><ul class=\"blocks-gallery-grid\"><li class=\"blocks-gallery-item\"><figure><img fetchpriority=\"high\" decoding=\"async\" width=\"720\" height=\"478\" src=\"https:\/\/www.elpolitologoyelpolitico.com.ar\/wp-content\/uploads\/2021\/08\/WhatsApp-Image-2021-08-04-at-15.44.25-2.jpeg\" alt=\"\" data-id=\"6268\" data-full-url=\"https:\/\/www.elpolitologoyelpolitico.com.ar\/wp-content\/uploads\/2021\/08\/WhatsApp-Image-2021-08-04-at-15.44.25-2.jpeg\" data-link=\"https:\/\/www.elpolitologoyelpolitico.com.ar\/wordpress\/?attachment_id=6268\" class=\"wp-image-6268\" srcset=\"https:\/\/www.elpolitologoyelpolitico.com.ar\/wp-content\/uploads\/2021\/08\/WhatsApp-Image-2021-08-04-at-15.44.25-2.jpeg 720w, https:\/\/www.elpolitologoyelpolitico.com.ar\/wp-content\/uploads\/2021\/08\/WhatsApp-Image-2021-08-04-at-15.44.25-2-300x199.jpeg 300w\" sizes=\"(max-width: 720px) 100vw, 720px\" \/><\/figure><\/li><li class=\"blocks-gallery-item\"><figure><img decoding=\"async\" width=\"720\" height=\"410\" src=\"https:\/\/www.elpolitologoyelpolitico.com.ar\/wp-content\/uploads\/2021\/08\/WhatsApp-Image-2021-08-04-at-15.44.25-1.jpeg\" alt=\"\" data-id=\"6269\" data-full-url=\"https:\/\/www.elpolitologoyelpolitico.com.ar\/wp-content\/uploads\/2021\/08\/WhatsApp-Image-2021-08-04-at-15.44.25-1.jpeg\" data-link=\"https:\/\/www.elpolitologoyelpolitico.com.ar\/wordpress\/?attachment_id=6269\" class=\"wp-image-6269\" srcset=\"https:\/\/www.elpolitologoyelpolitico.com.ar\/wp-content\/uploads\/2021\/08\/WhatsApp-Image-2021-08-04-at-15.44.25-1.jpeg 720w, https:\/\/www.elpolitologoyelpolitico.com.ar\/wp-content\/uploads\/2021\/08\/WhatsApp-Image-2021-08-04-at-15.44.25-1-300x171.jpeg 300w\" sizes=\"(max-width: 720px) 100vw, 720px\" \/><\/figure><\/li><li class=\"blocks-gallery-item\"><figure><img decoding=\"async\" width=\"720\" height=\"468\" src=\"https:\/\/www.elpolitologoyelpolitico.com.ar\/wp-content\/uploads\/2021\/08\/WhatsApp-Image-2021-08-04-at-15.44.25.jpeg\" alt=\"\" data-id=\"6270\" data-full-url=\"https:\/\/www.elpolitologoyelpolitico.com.ar\/wp-content\/uploads\/2021\/08\/WhatsApp-Image-2021-08-04-at-15.44.25.jpeg\" data-link=\"https:\/\/www.elpolitologoyelpolitico.com.ar\/wordpress\/?attachment_id=6270\" class=\"wp-image-6270\" srcset=\"https:\/\/www.elpolitologoyelpolitico.com.ar\/wp-content\/uploads\/2021\/08\/WhatsApp-Image-2021-08-04-at-15.44.25.jpeg 720w, https:\/\/www.elpolitologoyelpolitico.com.ar\/wp-content\/uploads\/2021\/08\/WhatsApp-Image-2021-08-04-at-15.44.25-300x195.jpeg 300w\" sizes=\"(max-width: 720px) 100vw, 720px\" \/><\/figure><\/li><\/ul><\/figure>\n\t\t\t\t\t\t\t\t<\/div>\n\t\t\t\t<\/div>\n\t\t\t\t\t<\/div>\n\t\t<\/div>\n\t\t\t\t\t<\/div>\n\t\t<\/section>\n\t\t\t\t<\/div>\n\t\t<div class=\"fb-background-color\">\n\t\t\t  <div \n\t\t\t  \tclass = \"fb-comments\" \n\t\t\t  \tdata-href = \"https:\/\/www.elpolitologoyelpolitico.com.ar\/wordpress\/2021\/08\/04\/asumieron-las-comisiones-de-fomento-de-los-barrios-eva-peron-la-loma-y-bicentenario\/\"\n\t\t\t  \tdata-numposts = \"10\"\n\t\t\t  \tdata-lazy = \"true\"\n\t\t\t\tdata-colorscheme = \"light\"\n\t\t\t\tdata-order-by = \"social\"\n\t\t\t\tdata-mobile=true>\n\t\t\t  <\/div><\/div>\n\t\t  <style>\n\t\t    .fb-background-color {\n\t\t\t\tbackground: #ffffff !important;\n\t\t\t}\n\t\t\t.fb_iframe_widget_fluid_desktop iframe {\n\t\t\t    width: 100% !important;\n\t\t\t}\n\t\t  <\/style>\n\t\t  ","protected":false},"excerpt":{"rendered":"<p>El Intendente Municipal, Ing. Jos\u00e9 Luis Zara, recibi\u00f3 en su despacho a las nuevas autoridades de los barrios Eva Per\u00f3n, Bicentenario y La Loma. Estuvo acompa\u00f1ado por el Jefe de Gabinete, Fabio Bettinelli, el Secretario de Gobierno, Daniel Paredes, y la Directora de Gobierno, Adriana Llambay. En la oportunidad, mantuvo un ameno di\u00e1logo con los [&hellip;]<\/p>\n","protected":false},"author":4,"featured_media":6267,"comment_status":"closed","ping_status":"closed","sticky":false,"template":"","format":"standard","meta":{"_joinchat":[],"footnotes":""},"categories":[18],"tags":[],"class_list":["post-6266","post","type-post","status-publish","format-standard","has-post-thumbnail","hentry","category-fundaciones-asociaciones"],"_links":{"self":[{"href":"https:\/\/www.elpolitologoyelpolitico.com.ar\/wordpress\/wp-json\/wp\/v2\/posts\/6266","targetHints":{"allow":["GET"]}}],"collection":[{"href":"https:\/\/www.elpolitologoyelpolitico.com.ar\/wordpress\/wp-json\/wp\/v2\/posts"}],"about":[{"href":"https:\/\/www.elpolitologoyelpolitico.com.ar\/wordpress\/wp-json\/wp\/v2\/types\/post"}],"author":[{"embeddable":true,"href":"https:\/\/www.elpolitologoyelpolitico.com.ar\/wordpress\/wp-json\/wp\/v2\/users\/4"}],"replies":[{"embeddable":true,"href":"https:\/\/www.elpolitologoyelpolitico.com.ar\/wordpress\/wp-json\/wp\/v2\/comments?post=6266"}],"version-history":[{"count":0,"href":"https:\/\/www.elpolitologoyelpolitico.com.ar\/wordpress\/wp-json\/wp\/v2\/posts\/6266\/revisions"}],"wp:featuredmedia":[{"embeddable":true,"href":"https:\/\/www.elpolitologoyelpolitico.com.ar\/wordpress\/wp-json\/wp\/v2\/media\/6267"}],"wp:attachment":[{"href":"https:\/\/www.elpolitologoyelpolitico.com.ar\/wordpress\/wp-json\/wp\/v2\/media?parent=6266"}],"wp:term":[{"taxonomy":"category","embeddable":true,"href":"https:\/\/www.elpolitologoyelpolitico.com.ar\/wordpress\/wp-json\/wp\/v2\/categories?post=6266"},{"taxonomy":"post_tag","embeddable":true,"href":"https:\/\/www.elpolitologoyelpolitico.com.ar\/wordpress\/wp-json\/wp\/v2\/tags?post=6266"}],"curies":[{"name":"wp","href":"https:\/\/api.w.org\/{rel}","templated":true}]}}