{"id":4768,"date":"2021-06-27T02:50:32","date_gmt":"2021-06-27T02:50:32","guid":{"rendered":"https:\/\/www.elpolitologoyelpolitico.com.ar\/wordpress\/?p=4768"},"modified":"2021-06-27T02:51:07","modified_gmt":"2021-06-27T02:51:07","slug":"entrevista-julio-costantino","status":"publish","type":"post","link":"https:\/\/www.elpolitologoyelpolitico.com.ar\/wordpress\/2021\/06\/27\/entrevista-julio-costantino\/","title":{"rendered":"ENTREVISTA JULIO COSTANTINO"},"content":{"rendered":"\t\t<div data-elementor-type=\"wp-post\" data-elementor-id=\"4768\" class=\"elementor elementor-4768\">\n\t\t\t\t\t\t<section class=\"elementor-section elementor-top-section elementor-element elementor-element-6b29031f elementor-section-boxed elementor-section-height-default elementor-section-height-default\" data-id=\"6b29031f\" data-element_type=\"section\" data-e-type=\"section\">\n\t\t\t\t\t\t<div class=\"elementor-container elementor-column-gap-default\">\n\t\t\t\t\t<div class=\"elementor-column elementor-col-100 elementor-top-column elementor-element elementor-element-5107cc9d\" data-id=\"5107cc9d\" data-element_type=\"column\" data-e-type=\"column\">\n\t\t\t<div class=\"elementor-widget-wrap elementor-element-populated\">\n\t\t\t\t\t\t<div class=\"elementor-element elementor-element-6c4455b5 elementor-widget elementor-widget-text-editor\" data-id=\"6c4455b5\" data-element_type=\"widget\" data-e-type=\"widget\" data-widget_type=\"text-editor.default\">\n\t\t\t\t<div class=\"elementor-widget-container\">\n\t\t\t\t\t\t\t\t\t\n<p><strong>EL POLIT\u00d3LOGO Y EL POL\u00cdTICO: <\/strong>\u00bfEs un d\u00eda especial para el radicalismo?&nbsp;<\/p>\n\n\n\n<p><strong>JULIO COSTANTINO: <\/strong>Es un d\u00eda especial para la uni\u00f3n c\u00edvica radical en estos 130 a\u00f1os, porque no solo es un partido pol\u00edtico fundado el 26 de junio de 1891 por Leandro. N Alem sino que es el primer partido de nuestro pa\u00eds. La uni\u00f3n c\u00edvica radical es un partido federal con presencia en todo el pa\u00eds, abierto, participativo y con mucho debate. No es un partido verticalista, que el jefe manda y todos los dem\u00e1s obedecen. La UCR es el partido de las libertades p\u00fablicas, de la democracia y el partido que lucho contra la oligarqu\u00eda y los gobiernos militares. Somos un espacio pol\u00edtico que se identifica con la justicia y los derechos humanos, con el sufragio universal, la educaci\u00f3n y el trabajo. Hoy en d\u00eda, la UCR forma parte de Cambiemos y a Nivel Nacional y Provincial somos oposici\u00f3n y a Nivel Municipal somos oficialismo.&nbsp;&nbsp;<\/p>\n\n\n\n<p><strong>EL POLIT\u00d3LOGO Y EL POL\u00cdTICO: <\/strong>\u00bfQu\u00e9 importancia tiene para vos esta fecha?&nbsp;<\/p>\n\n\n\n<p><strong>JULIO COSTANTINO: <\/strong>La Uni\u00f3n c\u00edvica radical es el sentimiento que nos mueve como sociedad, en donde todos debemos participar y es necesario la participaci\u00f3n de los j\u00f3venes, de las mujeres, de los adultos y adultos mayores, fundamentalmente hay que comprometerse. La UCR es un partido que constantemente estuvo llamando y que es consciente de los problemas que ha tenido durante su historia, pero tambi\u00e9n de sus aciertos. Siempre busc\u00f3 el pluralismo social y pol\u00edtico.&nbsp;&nbsp;&nbsp;&nbsp;<\/p>\n\n\n\n<p><strong>EL POLIT\u00d3LOGO Y EL POL\u00cdTICO: <\/strong>\u00bfUn mensaje para los afiliados y no afiliados al Partido Radical?&nbsp;<\/p>\n\n\n\n<p><strong>JULIO COSTANTINO: <\/strong>Fundamentalmente debemos entender que la participaci\u00f3n es el eje para tener un pa\u00eds mejor y nada vamos a lograr si nos quedamos sentado en casa y criticamos desde afuera. Lo mejor es participar, para que el otro opine y a trav\u00e9s del debate uno puede llegar a un acuerdo. La participaci\u00f3n del otro me enriquece, porque me da la oportunidad de discutir, de expresarme y luego de la discusi\u00f3n se puede amalgamar las ideas de uno y de otro. Hay que participar en el partido pol\u00edtico que sea,&nbsp; en la comisi\u00f3n de fomento del barrio, en el club, en el gremio, en la cooperativa, en todo lo que sea representaci\u00f3n social y fundamentalmente en los partidos pol\u00edticos. No hay que olvidarse que estamos en democracia y como dijo Ra\u00fal &nbsp;<br>Alfonsin con la democracia se come, se educa y se vive.&nbsp;&nbsp;<\/p>\n\t\t\t\t\t\t\t\t<\/div>\n\t\t\t\t<\/div>\n\t\t\t\t\t<\/div>\n\t\t<\/div>\n\t\t\t\t\t<\/div>\n\t\t<\/section>\n\t\t\t\t<\/div>\n\t\t<div class=\"fb-background-color\">\n\t\t\t  <div \n\t\t\t  \tclass = \"fb-comments\" \n\t\t\t  \tdata-href = \"https:\/\/www.elpolitologoyelpolitico.com.ar\/wordpress\/2021\/06\/27\/entrevista-julio-costantino\/\"\n\t\t\t  \tdata-numposts = \"10\"\n\t\t\t  \tdata-lazy = \"true\"\n\t\t\t\tdata-colorscheme = \"light\"\n\t\t\t\tdata-order-by = \"social\"\n\t\t\t\tdata-mobile=true>\n\t\t\t  <\/div><\/div>\n\t\t  <style>\n\t\t    .fb-background-color {\n\t\t\t\tbackground: #ffffff !important;\n\t\t\t}\n\t\t\t.fb_iframe_widget_fluid_desktop iframe {\n\t\t\t    width: 100% !important;\n\t\t\t}\n\t\t  <\/style>\n\t\t  ","protected":false},"excerpt":{"rendered":"<p>EL POLIT\u00d3LOGO Y EL POL\u00cdTICO: \u00bfEs un d\u00eda especial para el radicalismo?&nbsp; JULIO COSTANTINO: Es un d\u00eda especial para la uni\u00f3n c\u00edvica radical en estos 130 a\u00f1os, porque no solo es un partido pol\u00edtico fundado el 26 de junio de 1891 por Leandro. N Alem sino que es el primer partido de nuestro pa\u00eds. La [&hellip;]<\/p>\n","protected":false},"author":4,"featured_media":4769,"comment_status":"closed","ping_status":"closed","sticky":false,"template":"","format":"standard","meta":{"_joinchat":[],"footnotes":""},"categories":[5],"tags":[],"class_list":["post-4768","post","type-post","status-publish","format-standard","has-post-thumbnail","hentry","category-partidos-politicos"],"_links":{"self":[{"href":"https:\/\/www.elpolitologoyelpolitico.com.ar\/wordpress\/wp-json\/wp\/v2\/posts\/4768","targetHints":{"allow":["GET"]}}],"collection":[{"href":"https:\/\/www.elpolitologoyelpolitico.com.ar\/wordpress\/wp-json\/wp\/v2\/posts"}],"about":[{"href":"https:\/\/www.elpolitologoyelpolitico.com.ar\/wordpress\/wp-json\/wp\/v2\/types\/post"}],"author":[{"embeddable":true,"href":"https:\/\/www.elpolitologoyelpolitico.com.ar\/wordpress\/wp-json\/wp\/v2\/users\/4"}],"replies":[{"embeddable":true,"href":"https:\/\/www.elpolitologoyelpolitico.com.ar\/wordpress\/wp-json\/wp\/v2\/comments?post=4768"}],"version-history":[{"count":0,"href":"https:\/\/www.elpolitologoyelpolitico.com.ar\/wordpress\/wp-json\/wp\/v2\/posts\/4768\/revisions"}],"wp:featuredmedia":[{"embeddable":true,"href":"https:\/\/www.elpolitologoyelpolitico.com.ar\/wordpress\/wp-json\/wp\/v2\/media\/4769"}],"wp:attachment":[{"href":"https:\/\/www.elpolitologoyelpolitico.com.ar\/wordpress\/wp-json\/wp\/v2\/media?parent=4768"}],"wp:term":[{"taxonomy":"category","embeddable":true,"href":"https:\/\/www.elpolitologoyelpolitico.com.ar\/wordpress\/wp-json\/wp\/v2\/categories?post=4768"},{"taxonomy":"post_tag","embeddable":true,"href":"https:\/\/www.elpolitologoyelpolitico.com.ar\/wordpress\/wp-json\/wp\/v2\/tags?post=4768"}],"curies":[{"name":"wp","href":"https:\/\/api.w.org\/{rel}","templated":true}]}}