{"id":4761,"date":"2021-06-27T02:45:32","date_gmt":"2021-06-27T02:45:32","guid":{"rendered":"https:\/\/www.elpolitologoyelpolitico.com.ar\/wordpress\/?p=4761"},"modified":"2021-06-27T02:45:54","modified_gmt":"2021-06-27T02:45:54","slug":"entrevista-dolores-patane","status":"publish","type":"post","link":"https:\/\/www.elpolitologoyelpolitico.com.ar\/wordpress\/2021\/06\/27\/entrevista-dolores-patane\/","title":{"rendered":"ENTREVISTA DOLORES PATANE"},"content":{"rendered":"\t\t<div data-elementor-type=\"wp-post\" data-elementor-id=\"4761\" class=\"elementor elementor-4761\">\n\t\t\t\t\t\t<section class=\"elementor-section elementor-top-section elementor-element elementor-element-1b379124 elementor-section-boxed elementor-section-height-default elementor-section-height-default\" data-id=\"1b379124\" data-element_type=\"section\" data-e-type=\"section\">\n\t\t\t\t\t\t<div class=\"elementor-container elementor-column-gap-default\">\n\t\t\t\t\t<div class=\"elementor-column elementor-col-100 elementor-top-column elementor-element elementor-element-12fcb4a0\" data-id=\"12fcb4a0\" data-element_type=\"column\" data-e-type=\"column\">\n\t\t\t<div class=\"elementor-widget-wrap elementor-element-populated\">\n\t\t\t\t\t\t<div class=\"elementor-element elementor-element-35699d14 elementor-widget elementor-widget-text-editor\" data-id=\"35699d14\" data-element_type=\"widget\" data-e-type=\"widget\" data-widget_type=\"text-editor.default\">\n\t\t\t\t<div class=\"elementor-widget-container\">\n\t\t\t\t\t\t\t\t\t\n<p><strong>130 A\u00d1OS DE LA FUNDACION DE LA UNI\u00d3N CIVICA RADICAL<\/strong>&nbsp;<\/p>\n\n\n\n<p><strong>EL POLIT\u00d3LOGO Y EL POL\u00cdTICO: <\/strong>\u00bfQu\u00e9 importancia tiene para vos esta fecha?&nbsp;<\/p>\n\n\n\n<p><strong>DOLORES PATANE: <\/strong>Es importante esta fecha porque se cumple un nuevo aniversario del partido Radical y es el partido pol\u00edtico m\u00e1s antiguo de Argentina. Es un Partido que paso tres siglos y sigue con sus convicciones, sus ideales y con un sistema democr\u00e1tico interno en las distintas localidades y en varias provincias.&nbsp;<\/p>\n\n\n\n<p><strong>EL POLIT\u00d3LOGO Y EL POL\u00cdTICO: <\/strong>\u00bfLa historia del radicalismo fue importante para la Democracia?&nbsp;<\/p>\n\n\n\n<p><strong>DOLORES PATANE: <\/strong>No nos tenemos que olvidar que en el S. XIX se resisti\u00f3 a los reg\u00edmenes autoritarios, al pensamiento \u00fanico. El radicalismo fue el primer partido que se levant\u00f3 contra los conservadores y el sistema antidemocr\u00e1tico. Siempre que se piensa en el radicalismo, se piensa en la ley de educaci\u00f3n, en el sufragio universal, en la educaci\u00f3n p\u00fablica, en las universidades y es un partido que siempre defendi\u00f3 La rep\u00fablica, los valores, las instituciones, la justicia social, la inclusi\u00f3n. El radicalismo desde sus or\u00edgenes defendi\u00f3 la libertad, la igualdad, la cultura del trabajo, la igualdad de oportunidades, el derecho a la mujer. El radicalismo es el partido de las grandes causas.&nbsp;&nbsp;<\/p>\n\n\n\n<p><strong>EL POLIT\u00d3LOGO Y EL POL\u00cdTICO: <\/strong>\u00bfUn mensaje para los afiliados y no afiliados al Partido Radical?&nbsp;<\/p>\n\n\n\n<p><strong>DOLORES PATANE: <\/strong>El Partido Radical tiene una renovaci\u00f3n y actualmente ha sabido dejar sus diferencias. Hay gente con experiencia y mucha gente nueva, con muchas ideas para trabajar de aqu\u00ed en adelante. Hay nuevos actores que se van sumando y estamos en el camino correcto, dejando las diferencias internas.\u00a0\u00a0<\/p>\n\n\n\n<figure class=\"wp-block-image size-large is-resized\"><img fetchpriority=\"high\" decoding=\"async\" src=\"https:\/\/www.elpolitologoyelpolitico.com.ar\/wp-content\/uploads\/2021\/06\/WhatsApp-Image-2021-06-26-at-21.57.28.jpeg\" alt=\"\" class=\"wp-image-4763\" width=\"225\" height=\"243\"\/><\/figure>\n\t\t\t\t\t\t\t\t<\/div>\n\t\t\t\t<\/div>\n\t\t\t\t\t<\/div>\n\t\t<\/div>\n\t\t\t\t\t<\/div>\n\t\t<\/section>\n\t\t\t\t<\/div>\n\t\t<div class=\"fb-background-color\">\n\t\t\t  <div \n\t\t\t  \tclass = \"fb-comments\" \n\t\t\t  \tdata-href = \"https:\/\/www.elpolitologoyelpolitico.com.ar\/wordpress\/2021\/06\/27\/entrevista-dolores-patane\/\"\n\t\t\t  \tdata-numposts = \"10\"\n\t\t\t  \tdata-lazy = \"true\"\n\t\t\t\tdata-colorscheme = \"light\"\n\t\t\t\tdata-order-by = \"social\"\n\t\t\t\tdata-mobile=true>\n\t\t\t  <\/div><\/div>\n\t\t  <style>\n\t\t    .fb-background-color {\n\t\t\t\tbackground: #ffffff !important;\n\t\t\t}\n\t\t\t.fb_iframe_widget_fluid_desktop iframe {\n\t\t\t    width: 100% !important;\n\t\t\t}\n\t\t  <\/style>\n\t\t  ","protected":false},"excerpt":{"rendered":"<p>130 A\u00d1OS DE LA FUNDACION DE LA UNI\u00d3N CIVICA RADICAL&nbsp; EL POLIT\u00d3LOGO Y EL POL\u00cdTICO: \u00bfQu\u00e9 importancia tiene para vos esta fecha?&nbsp; DOLORES PATANE: Es importante esta fecha porque se cumple un nuevo aniversario del partido Radical y es el partido pol\u00edtico m\u00e1s antiguo de Argentina. Es un Partido que paso tres siglos y sigue [&hellip;]<\/p>\n","protected":false},"author":4,"featured_media":4762,"comment_status":"closed","ping_status":"closed","sticky":false,"template":"","format":"standard","meta":{"_joinchat":[],"footnotes":""},"categories":[5],"tags":[],"class_list":["post-4761","post","type-post","status-publish","format-standard","has-post-thumbnail","hentry","category-partidos-politicos"],"_links":{"self":[{"href":"https:\/\/www.elpolitologoyelpolitico.com.ar\/wordpress\/wp-json\/wp\/v2\/posts\/4761","targetHints":{"allow":["GET"]}}],"collection":[{"href":"https:\/\/www.elpolitologoyelpolitico.com.ar\/wordpress\/wp-json\/wp\/v2\/posts"}],"about":[{"href":"https:\/\/www.elpolitologoyelpolitico.com.ar\/wordpress\/wp-json\/wp\/v2\/types\/post"}],"author":[{"embeddable":true,"href":"https:\/\/www.elpolitologoyelpolitico.com.ar\/wordpress\/wp-json\/wp\/v2\/users\/4"}],"replies":[{"embeddable":true,"href":"https:\/\/www.elpolitologoyelpolitico.com.ar\/wordpress\/wp-json\/wp\/v2\/comments?post=4761"}],"version-history":[{"count":0,"href":"https:\/\/www.elpolitologoyelpolitico.com.ar\/wordpress\/wp-json\/wp\/v2\/posts\/4761\/revisions"}],"wp:featuredmedia":[{"embeddable":true,"href":"https:\/\/www.elpolitologoyelpolitico.com.ar\/wordpress\/wp-json\/wp\/v2\/media\/4762"}],"wp:attachment":[{"href":"https:\/\/www.elpolitologoyelpolitico.com.ar\/wordpress\/wp-json\/wp\/v2\/media?parent=4761"}],"wp:term":[{"taxonomy":"category","embeddable":true,"href":"https:\/\/www.elpolitologoyelpolitico.com.ar\/wordpress\/wp-json\/wp\/v2\/categories?post=4761"},{"taxonomy":"post_tag","embeddable":true,"href":"https:\/\/www.elpolitologoyelpolitico.com.ar\/wordpress\/wp-json\/wp\/v2\/tags?post=4761"}],"curies":[{"name":"wp","href":"https:\/\/api.w.org\/{rel}","templated":true}]}}