{"id":47502,"date":"2026-09-05T13:08:17","date_gmt":"2026-09-05T16:08:17","guid":{"rendered":"https:\/\/www.elpolitologoyelpolitico.com.ar\/wordpress\/?p=47502"},"modified":"2026-09-05T13:08:19","modified_gmt":"2026-09-05T16:08:19","slug":"patagones-se-suspende-la-fecha-del-futbol-barrial-por-la-lluvia-y-no-hay-canchas-en-condiciones","status":"publish","type":"post","link":"https:\/\/www.elpolitologoyelpolitico.com.ar\/wordpress\/2026\/09\/05\/patagones-se-suspende-la-fecha-del-futbol-barrial-por-la-lluvia-y-no-hay-canchas-en-condiciones\/","title":{"rendered":"PATAGONES: Se suspende la fecha del f\u00fatbol barrial por la lluvia y no hay canchas en condiciones"},"content":{"rendered":"\n<p>La Asociaci\u00f3n de Clubes Barriales de F\u00fatbol de Patagones- ACBFP- inform\u00f3 esta ma\u00f1ana la suspensi\u00f3n de la 2\u00b0 fecha del f\u00fatbol barrial maragato. <\/p>\n\n\n\n<figure class=\"wp-block-image size-large\"><img fetchpriority=\"high\" decoding=\"async\" width=\"819\" height=\"1024\" src=\"https:\/\/www.elpolitologoyelpolitico.com.ar\/wp-content\/uploads\/2026\/09\/IMG-20260905-WA0006-819x1024.jpg\" alt=\"\" class=\"wp-image-47503\" srcset=\"https:\/\/www.elpolitologoyelpolitico.com.ar\/wp-content\/uploads\/2026\/09\/IMG-20260905-WA0006-819x1024.jpg 819w, https:\/\/www.elpolitologoyelpolitico.com.ar\/wp-content\/uploads\/2026\/09\/IMG-20260905-WA0006-240x300.jpg 240w, https:\/\/www.elpolitologoyelpolitico.com.ar\/wp-content\/uploads\/2026\/09\/IMG-20260905-WA0006-768x960.jpg 768w, https:\/\/www.elpolitologoyelpolitico.com.ar\/wp-content\/uploads\/2026\/09\/IMG-20260905-WA0006.jpg 1024w\" sizes=\"(max-width: 819px) 100vw, 819px\" \/><\/figure>\n\n\n\n<p>El motivo principal de la suspensi\u00f3n es la lluvia pero se suma que hay varias canchas que no estan en condiciones para disputar esta fecha en Primera y Segunda Divisi\u00f3n. <\/p>\n\n\n\n<p>\u00abLa nueva fecha ser\u00e1 comunicada oportunamente, desde ya agradecemos la comprensi\u00f3n de todos los clubes\u00bb expresaron desde la instituci\u00f3n. <\/p>\n\n\n\n<p>Por el momento, la fecha programada para este domingo contin\u00faa en pie con normalidad para las categorias +42 y +34.<\/p>\n\n\n\n<figure class=\"wp-block-image size-large\"><img decoding=\"async\" width=\"819\" height=\"1024\" src=\"https:\/\/www.elpolitologoyelpolitico.com.ar\/wp-content\/uploads\/2026\/09\/FB_IMG_1788619547765-819x1024.jpg\" alt=\"\" class=\"wp-image-47504\" srcset=\"https:\/\/www.elpolitologoyelpolitico.com.ar\/wp-content\/uploads\/2026\/09\/FB_IMG_1788619547765-819x1024.jpg 819w, https:\/\/www.elpolitologoyelpolitico.com.ar\/wp-content\/uploads\/2026\/09\/FB_IMG_1788619547765-240x300.jpg 240w, https:\/\/www.elpolitologoyelpolitico.com.ar\/wp-content\/uploads\/2026\/09\/FB_IMG_1788619547765-768x960.jpg 768w, https:\/\/www.elpolitologoyelpolitico.com.ar\/wp-content\/uploads\/2026\/09\/FB_IMG_1788619547765.jpg 1080w\" sizes=\"(max-width: 819px) 100vw, 819px\" \/><\/figure>\n<div class=\"fb-background-color\">\n\t\t\t  <div \n\t\t\t  \tclass = \"fb-comments\" \n\t\t\t  \tdata-href = \"https:\/\/www.elpolitologoyelpolitico.com.ar\/wordpress\/2026\/09\/05\/patagones-se-suspende-la-fecha-del-futbol-barrial-por-la-lluvia-y-no-hay-canchas-en-condiciones\/\"\n\t\t\t  \tdata-numposts = \"10\"\n\t\t\t  \tdata-lazy = \"true\"\n\t\t\t\tdata-colorscheme = \"light\"\n\t\t\t\tdata-order-by = \"social\"\n\t\t\t\tdata-mobile=true>\n\t\t\t  <\/div><\/div>\n\t\t  <style>\n\t\t    .fb-background-color {\n\t\t\t\tbackground: #ffffff !important;\n\t\t\t}\n\t\t\t.fb_iframe_widget_fluid_desktop iframe {\n\t\t\t    width: 100% !important;\n\t\t\t}\n\t\t  <\/style>\n\t\t  ","protected":false},"excerpt":{"rendered":"<p>La Asociaci\u00f3n de Clubes Barriales de F\u00fatbol de Patagones- ACBFP- inform\u00f3 esta ma\u00f1ana la suspensi\u00f3n de la 2\u00b0 fecha del f\u00fatbol barrial maragato. El motivo principal de la suspensi\u00f3n es la lluvia pero se suma que hay varias canchas que no estan en condiciones para disputar esta fecha en Primera y Segunda Divisi\u00f3n. \u00abLa nueva [&hellip;]<\/p>\n","protected":false},"author":4,"featured_media":47505,"comment_status":"closed","ping_status":"closed","sticky":false,"template":"","format":"standard","meta":{"_joinchat":[],"footnotes":""},"categories":[39],"tags":[],"class_list":["post-47502","post","type-post","status-publish","format-standard","has-post-thumbnail","hentry","category-en-esta-seccion"],"_links":{"self":[{"href":"https:\/\/www.elpolitologoyelpolitico.com.ar\/wordpress\/wp-json\/wp\/v2\/posts\/47502","targetHints":{"allow":["GET"]}}],"collection":[{"href":"https:\/\/www.elpolitologoyelpolitico.com.ar\/wordpress\/wp-json\/wp\/v2\/posts"}],"about":[{"href":"https:\/\/www.elpolitologoyelpolitico.com.ar\/wordpress\/wp-json\/wp\/v2\/types\/post"}],"author":[{"embeddable":true,"href":"https:\/\/www.elpolitologoyelpolitico.com.ar\/wordpress\/wp-json\/wp\/v2\/users\/4"}],"replies":[{"embeddable":true,"href":"https:\/\/www.elpolitologoyelpolitico.com.ar\/wordpress\/wp-json\/wp\/v2\/comments?post=47502"}],"version-history":[{"count":1,"href":"https:\/\/www.elpolitologoyelpolitico.com.ar\/wordpress\/wp-json\/wp\/v2\/posts\/47502\/revisions"}],"predecessor-version":[{"id":47506,"href":"https:\/\/www.elpolitologoyelpolitico.com.ar\/wordpress\/wp-json\/wp\/v2\/posts\/47502\/revisions\/47506"}],"wp:featuredmedia":[{"embeddable":true,"href":"https:\/\/www.elpolitologoyelpolitico.com.ar\/wordpress\/wp-json\/wp\/v2\/media\/47505"}],"wp:attachment":[{"href":"https:\/\/www.elpolitologoyelpolitico.com.ar\/wordpress\/wp-json\/wp\/v2\/media?parent=47502"}],"wp:term":[{"taxonomy":"category","embeddable":true,"href":"https:\/\/www.elpolitologoyelpolitico.com.ar\/wordpress\/wp-json\/wp\/v2\/categories?post=47502"},{"taxonomy":"post_tag","embeddable":true,"href":"https:\/\/www.elpolitologoyelpolitico.com.ar\/wordpress\/wp-json\/wp\/v2\/tags?post=47502"}],"curies":[{"name":"wp","href":"https:\/\/api.w.org\/{rel}","templated":true}]}}