{"id":47499,"date":"2026-09-05T13:22:10","date_gmt":"2026-09-05T16:22:10","guid":{"rendered":"https:\/\/www.elpolitologoyelpolitico.com.ar\/wordpress\/?p=47499"},"modified":"2026-09-05T13:22:11","modified_gmt":"2026-09-05T16:22:11","slug":"corrupcion-k-el-juicio-oral-contra-cristina-y-maximo-kirchner-se-realizara-de-manera-presencial","status":"publish","type":"post","link":"https:\/\/www.elpolitologoyelpolitico.com.ar\/wordpress\/2026\/09\/05\/corrupcion-k-el-juicio-oral-contra-cristina-y-maximo-kirchner-se-realizara-de-manera-presencial\/","title":{"rendered":"Corrupci\u00f3n K: El Juicio oral contra Cristina y Maximo Kirchner se realizar\u00e1 de manera presencial"},"content":{"rendered":"\n<p>El juicio oral por las\u00a0<strong>causas Hotesur y Los Sauces<\/strong>\u00a0se desarrollar\u00e1 de\u00a0manera presencial\u00a0en los tribunales federales de Comodoro Py, con audiencias previstas tres veces por semana.<\/p>\n\n\n\n<p>As\u00ed lo comunic\u00f3 el\u00a0Tribunal Oral Federal N\u00b0 5\u00a0en una audiencia ante todas las partes del caso, que tiene a la expresidenta\u00a0<strong>Cristina Kirchner<\/strong>\u00a0y a su hijo,\u00a0<strong>M\u00e1ximo Kirchner<\/strong>, entre los principales acusados. Estas causas investigan un supuesto lavado de dinero proveniente de contratos con el Estado a trav\u00e9s de negocios hoteleros e inmobiliarios vinculados a la familia Kirchner.<\/p>\n\n\n\n<p>\u201cNo va a haber virtualidad\u201d, repiti\u00f3 en distintos tramos de la audiencia el presidente del Tribunal,\u00a0Jos\u00e9 Michilini, que procur\u00f3 imprimirle ritmo y llevar con riendas cortas una audiencia cargada, en la que estuvieron presentes los abogados de las partes y tambi\u00e9n el empresario\u00a0<strong>Crist\u00f3bal L\u00f3pez<\/strong>.<\/p>\n\n\n\n<p>El juez transmiti\u00f3 que en las audiencias probatorias en las que declaren testigos, los imputados podr\u00e1n estar representados por sus defensas, pero en\u00a0aquellas otras en las que se requiera la participaci\u00f3n de los acusados, como en las indagatorias, todos deber\u00e1n, sin excepci\u00f3n, estar presentes en la Sala AMIA de Comodoro Py.<\/p>\n\n\n\n<p>De manera que la expresidenta, que cumple una pena de seis a\u00f1os de prisi\u00f3n en su casa por su condena en la causa Vialidad, deber\u00e1 acudir a los tribunales cuando le toque ser indagada, como lo hizo en el juicio de los cuadernos de las coimas.<\/p>\n\n\n\n<p>El TOF 5 fue enf\u00e1tico respecto de que el principio general que regir\u00e1 el juicio ser\u00e1 la presencialidad.<strong>\u00a0<\/strong>Incluso comunic\u00f3 que, si alguna de las audiencias previstas no pudiera concretarse durante la semana por cuestiones de agenda, podr\u00eda realizarse durante el fin de semana.<\/p>\n\n\n\n<p><\/p>\n<div class=\"fb-background-color\">\n\t\t\t  <div \n\t\t\t  \tclass = \"fb-comments\" \n\t\t\t  \tdata-href = \"https:\/\/www.elpolitologoyelpolitico.com.ar\/wordpress\/2026\/09\/05\/corrupcion-k-el-juicio-oral-contra-cristina-y-maximo-kirchner-se-realizara-de-manera-presencial\/\"\n\t\t\t  \tdata-numposts = \"10\"\n\t\t\t  \tdata-lazy = \"true\"\n\t\t\t\tdata-colorscheme = \"light\"\n\t\t\t\tdata-order-by = \"social\"\n\t\t\t\tdata-mobile=true>\n\t\t\t  <\/div><\/div>\n\t\t  <style>\n\t\t    .fb-background-color {\n\t\t\t\tbackground: #ffffff !important;\n\t\t\t}\n\t\t\t.fb_iframe_widget_fluid_desktop iframe {\n\t\t\t    width: 100% !important;\n\t\t\t}\n\t\t  <\/style>\n\t\t  ","protected":false},"excerpt":{"rendered":"<p>El juicio oral por las\u00a0causas Hotesur y Los Sauces\u00a0se desarrollar\u00e1 de\u00a0manera presencial\u00a0en los tribunales federales de Comodoro Py, con audiencias previstas tres veces por semana. As\u00ed lo comunic\u00f3 el\u00a0Tribunal Oral Federal N\u00b0 5\u00a0en una audiencia ante todas las partes del caso, que tiene a la expresidenta\u00a0Cristina Kirchner\u00a0y a su hijo,\u00a0M\u00e1ximo Kirchner, entre los principales acusados. [&hellip;]<\/p>\n","protected":false},"author":4,"featured_media":47500,"comment_status":"closed","ping_status":"closed","sticky":false,"template":"","format":"standard","meta":{"_joinchat":[],"footnotes":""},"categories":[39],"tags":[],"class_list":["post-47499","post","type-post","status-publish","format-standard","has-post-thumbnail","hentry","category-en-esta-seccion"],"_links":{"self":[{"href":"https:\/\/www.elpolitologoyelpolitico.com.ar\/wordpress\/wp-json\/wp\/v2\/posts\/47499","targetHints":{"allow":["GET"]}}],"collection":[{"href":"https:\/\/www.elpolitologoyelpolitico.com.ar\/wordpress\/wp-json\/wp\/v2\/posts"}],"about":[{"href":"https:\/\/www.elpolitologoyelpolitico.com.ar\/wordpress\/wp-json\/wp\/v2\/types\/post"}],"author":[{"embeddable":true,"href":"https:\/\/www.elpolitologoyelpolitico.com.ar\/wordpress\/wp-json\/wp\/v2\/users\/4"}],"replies":[{"embeddable":true,"href":"https:\/\/www.elpolitologoyelpolitico.com.ar\/wordpress\/wp-json\/wp\/v2\/comments?post=47499"}],"version-history":[{"count":1,"href":"https:\/\/www.elpolitologoyelpolitico.com.ar\/wordpress\/wp-json\/wp\/v2\/posts\/47499\/revisions"}],"predecessor-version":[{"id":47501,"href":"https:\/\/www.elpolitologoyelpolitico.com.ar\/wordpress\/wp-json\/wp\/v2\/posts\/47499\/revisions\/47501"}],"wp:featuredmedia":[{"embeddable":true,"href":"https:\/\/www.elpolitologoyelpolitico.com.ar\/wordpress\/wp-json\/wp\/v2\/media\/47500"}],"wp:attachment":[{"href":"https:\/\/www.elpolitologoyelpolitico.com.ar\/wordpress\/wp-json\/wp\/v2\/media?parent=47499"}],"wp:term":[{"taxonomy":"category","embeddable":true,"href":"https:\/\/www.elpolitologoyelpolitico.com.ar\/wordpress\/wp-json\/wp\/v2\/categories?post=47499"},{"taxonomy":"post_tag","embeddable":true,"href":"https:\/\/www.elpolitologoyelpolitico.com.ar\/wordpress\/wp-json\/wp\/v2\/tags?post=47499"}],"curies":[{"name":"wp","href":"https:\/\/api.w.org\/{rel}","templated":true}]}}