{"id":47494,"date":"2026-09-05T15:18:16","date_gmt":"2026-09-05T18:18:16","guid":{"rendered":"https:\/\/www.elpolitologoyelpolitico.com.ar\/wordpress\/?p=47494"},"modified":"2026-09-05T15:18:18","modified_gmt":"2026-09-05T18:18:18","slug":"inseguridad-en-viedma-destrozaron-el-comite-de-la-ucr-y-robaron-desde-equipos-de-streaming-hasta-pollo-congelado","status":"publish","type":"post","link":"https:\/\/www.elpolitologoyelpolitico.com.ar\/wordpress\/2026\/09\/05\/inseguridad-en-viedma-destrozaron-el-comite-de-la-ucr-y-robaron-desde-equipos-de-streaming-hasta-pollo-congelado\/","title":{"rendered":"Inseguridad en Viedma: destrozaron el comit\u00e9 de la UCR y robaron desde equipos de streaming hasta pollo congelado"},"content":{"rendered":"\n<p><strong>VIEDMA<\/strong>  Un ins\u00f3lito e indignante hecho de inseguridad afect\u00f3 en las \u00faltimas horas al comit\u00e9 seccional de la Uni\u00f3n C\u00edvica Radical (UCR) de Viedma, ubicado sobre la calle Scheroni al 331. Delincuentes violentaron los ingresos al local partidario y se llevaron desde equipamiento t\u00e9cnico de alto valor hasta alimentos de un freezer.<\/p>\n\n\n\n<p>Para concretar el robo, los maleantes ejercieron una fuerza brutal: arrancaron y forzaron las rejas de una de las ventanas que da a las oficinas y destrozaron la puerta de ingreso, provocando severos da\u00f1os materiales en la estructura del inmueble.<\/p>\n\n\n\n<p>Seg\u00fan consta en la denuncia penal radicada por el presidente del comit\u00e9 seccional, Gustavo Daniel Linares, los asaltantes atacaron de manera directa la sala de <em>streaming<\/em> de la sede, sustrayendo valiosos elementos de producci\u00f3n audiovisual:<\/p>\n\n\n\n<ul class=\"wp-block-list\">\n<li><strong>1 c\u00e1mara<\/strong> Webcam Vision Stream Ultra.<\/li>\n\n\n\n<li><strong>2 c\u00e1maras<\/strong> Webcam 4K con enfoque autom\u00e1tico para <em>stream<\/em>.<\/li>\n\n\n\n<li><strong>2 micr\u00f3fonos inal\u00e1mbricos<\/strong> marca Ringo con cubreviento negro.<\/li>\n\n\n\n<li><strong>1 aro de luz<\/strong> LED.<\/li>\n\n\n\n<li><strong>2 pollos congelados<\/strong> que se encontraban en el lugar.<\/li>\n<\/ul>\n\n\n\n<p>La indignaci\u00f3n de la militancia se hizo sentir tras descubrir el estado en el que qued\u00f3 el recinto. \u00ab<em>Hoy nos encontramos con que forzaron y arrancaron las rejas de las ventanas para ingresar a nuestro local y robaron equipamiento muy importante de nuestra sala de streaming. Como se ve en las fotos, destrozaron la puerta y causaron da\u00f1os importantes\u00bb<\/em>, expresaron desde la conducci\u00f3n radical.<\/p>\n\n\n\n<p><em>\u00abDuele, porque cada cosa que tenemos es fruto del esfuerzo y la militancia de todos\u00bb<\/em>, lamentaron con amargura tras constatar las p\u00e9rdidas materiales y el destrozo generado. La polic\u00eda local ya se encuentra investigando el hecho y relevando las c\u00e1maras de seguridad de la zona para dar con los autores del atraco.<\/p>\n\n\n\n<figure class=\"wp-block-image size-large\"><img fetchpriority=\"high\" decoding=\"async\" width=\"579\" height=\"1024\" src=\"https:\/\/www.elpolitologoyelpolitico.com.ar\/wp-content\/uploads\/2026\/09\/image-4-579x1024.png\" alt=\"\" class=\"wp-image-47495\" srcset=\"https:\/\/www.elpolitologoyelpolitico.com.ar\/wp-content\/uploads\/2026\/09\/image-4-579x1024.png 579w, https:\/\/www.elpolitologoyelpolitico.com.ar\/wp-content\/uploads\/2026\/09\/image-4-169x300.png 169w, https:\/\/www.elpolitologoyelpolitico.com.ar\/wp-content\/uploads\/2026\/09\/image-4-768x1359.png 768w, https:\/\/www.elpolitologoyelpolitico.com.ar\/wp-content\/uploads\/2026\/09\/image-4-868x1536.png 868w, https:\/\/www.elpolitologoyelpolitico.com.ar\/wp-content\/uploads\/2026\/09\/image-4.png 1157w\" sizes=\"(max-width: 579px) 100vw, 579px\" \/><\/figure>\n<div class=\"fb-background-color\">\n\t\t\t  <div \n\t\t\t  \tclass = \"fb-comments\" \n\t\t\t  \tdata-href = \"https:\/\/www.elpolitologoyelpolitico.com.ar\/wordpress\/2026\/09\/05\/inseguridad-en-viedma-destrozaron-el-comite-de-la-ucr-y-robaron-desde-equipos-de-streaming-hasta-pollo-congelado\/\"\n\t\t\t  \tdata-numposts = \"10\"\n\t\t\t  \tdata-lazy = \"true\"\n\t\t\t\tdata-colorscheme = \"light\"\n\t\t\t\tdata-order-by = \"social\"\n\t\t\t\tdata-mobile=true>\n\t\t\t  <\/div><\/div>\n\t\t  <style>\n\t\t    .fb-background-color {\n\t\t\t\tbackground: #ffffff !important;\n\t\t\t}\n\t\t\t.fb_iframe_widget_fluid_desktop iframe {\n\t\t\t    width: 100% !important;\n\t\t\t}\n\t\t  <\/style>\n\t\t  ","protected":false},"excerpt":{"rendered":"<p>VIEDMA Un ins\u00f3lito e indignante hecho de inseguridad afect\u00f3 en las \u00faltimas horas al comit\u00e9 seccional de la Uni\u00f3n C\u00edvica Radical (UCR) de Viedma, ubicado sobre la calle Scheroni al 331. Delincuentes violentaron los ingresos al local partidario y se llevaron desde equipamiento t\u00e9cnico de alto valor hasta alimentos de un freezer. Para concretar el [&hellip;]<\/p>\n","protected":false},"author":4,"featured_media":47496,"comment_status":"closed","ping_status":"closed","sticky":false,"template":"","format":"standard","meta":{"_joinchat":[],"footnotes":""},"categories":[39],"tags":[],"class_list":["post-47494","post","type-post","status-publish","format-standard","has-post-thumbnail","hentry","category-en-esta-seccion"],"_links":{"self":[{"href":"https:\/\/www.elpolitologoyelpolitico.com.ar\/wordpress\/wp-json\/wp\/v2\/posts\/47494","targetHints":{"allow":["GET"]}}],"collection":[{"href":"https:\/\/www.elpolitologoyelpolitico.com.ar\/wordpress\/wp-json\/wp\/v2\/posts"}],"about":[{"href":"https:\/\/www.elpolitologoyelpolitico.com.ar\/wordpress\/wp-json\/wp\/v2\/types\/post"}],"author":[{"embeddable":true,"href":"https:\/\/www.elpolitologoyelpolitico.com.ar\/wordpress\/wp-json\/wp\/v2\/users\/4"}],"replies":[{"embeddable":true,"href":"https:\/\/www.elpolitologoyelpolitico.com.ar\/wordpress\/wp-json\/wp\/v2\/comments?post=47494"}],"version-history":[{"count":2,"href":"https:\/\/www.elpolitologoyelpolitico.com.ar\/wordpress\/wp-json\/wp\/v2\/posts\/47494\/revisions"}],"predecessor-version":[{"id":47498,"href":"https:\/\/www.elpolitologoyelpolitico.com.ar\/wordpress\/wp-json\/wp\/v2\/posts\/47494\/revisions\/47498"}],"wp:featuredmedia":[{"embeddable":true,"href":"https:\/\/www.elpolitologoyelpolitico.com.ar\/wordpress\/wp-json\/wp\/v2\/media\/47496"}],"wp:attachment":[{"href":"https:\/\/www.elpolitologoyelpolitico.com.ar\/wordpress\/wp-json\/wp\/v2\/media?parent=47494"}],"wp:term":[{"taxonomy":"category","embeddable":true,"href":"https:\/\/www.elpolitologoyelpolitico.com.ar\/wordpress\/wp-json\/wp\/v2\/categories?post=47494"},{"taxonomy":"post_tag","embeddable":true,"href":"https:\/\/www.elpolitologoyelpolitico.com.ar\/wordpress\/wp-json\/wp\/v2\/tags?post=47494"}],"curies":[{"name":"wp","href":"https:\/\/api.w.org\/{rel}","templated":true}]}}