{"id":4749,"date":"2021-06-26T22:49:56","date_gmt":"2021-06-26T22:49:56","guid":{"rendered":"https:\/\/www.elpolitologoyelpolitico.com.ar\/wordpress\/?p=4749"},"modified":"2021-06-27T02:41:44","modified_gmt":"2021-06-27T02:41:44","slug":"4749","status":"publish","type":"post","link":"https:\/\/www.elpolitologoyelpolitico.com.ar\/wordpress\/2021\/06\/26\/4749\/","title":{"rendered":"ENTREVISTA LEANDRO MERLO EZCURRA"},"content":{"rendered":"\t\t<div data-elementor-type=\"wp-post\" data-elementor-id=\"4749\" class=\"elementor elementor-4749\">\n\t\t\t\t\t\t<section class=\"elementor-section elementor-top-section elementor-element elementor-element-70839bd1 elementor-section-boxed elementor-section-height-default elementor-section-height-default\" data-id=\"70839bd1\" data-element_type=\"section\" data-e-type=\"section\">\n\t\t\t\t\t\t<div class=\"elementor-container elementor-column-gap-default\">\n\t\t\t\t\t<div class=\"elementor-column elementor-col-100 elementor-top-column elementor-element elementor-element-21c83bfb\" data-id=\"21c83bfb\" data-element_type=\"column\" data-e-type=\"column\">\n\t\t\t<div class=\"elementor-widget-wrap elementor-element-populated\">\n\t\t\t\t\t\t<div class=\"elementor-element elementor-element-6d7cee6f elementor-widget elementor-widget-text-editor\" data-id=\"6d7cee6f\" data-element_type=\"widget\" data-e-type=\"widget\" data-widget_type=\"text-editor.default\">\n\t\t\t\t<div class=\"elementor-widget-container\">\n\t\t\t\t\t\t\t\t\t<p>\u00a0<\/p>\n\n<p>Hoy es el aniversario del Partido Pol\u00edtico \u201cUni\u00f3n C\u00edvica Radical\u201d y se cumplen 130 a\u00f1os desde su Fundaci\u00f3n<\/p>\n\n<p><strong>EL POLIT\u00d3LOGO Y EL POL\u00cdTICO:<\/strong> \u00bfLa UNI\u00d3N CIVICA RADICAL cumple un nuevo aniversario?<\/p>\n\n<p><strong>LEANDRO MERLO EZCURRA:<\/strong> Si, Se cumplen 130 a\u00f1os de la Uni\u00f3n C\u00edvica Radical que fue fundada por Leandro. N Alem el 26 de junio de 1891 y en Argentina somos el Partido (a nivel Nacional) con mayor antig\u00fcedad, mayor historia. Es un d\u00eda muy importante porque es un partido que ha trabajado desde aquella revoluci\u00f3n que g\u00e9nero Leandro N. Alem quien fue un revolucionario y luchaba por los derechos de las personas, por los derechos electorales y lograr que se consolide una democracia mucho m\u00e1s participativa. El radicalismo ha superado crisis internas de gobernabilidad a lo largo de la historia y sigue en pie, por eso es uno de los pocos partidos que tiene un comit\u00e9 en distintos lugares de la Rep\u00fablica Argentina.<\/p>\n\n<p>\u00a0<\/p>\n\n<p><strong>EL POLIT\u00d3LOGO Y EL POL\u00cdTICO:<\/strong> \u00bfQu\u00e9 importancia tiene esta fecha para vos?<\/p>\n\n<p><strong>LEANDRO MERLO EZCURRA:<\/strong> la importancia de haber sentido la pertenencia y me siento parte de lo que es el radicalismo por la historia familiar tambi\u00e9n, porque toda mi familia es radical y mi abuelo fue intendente de Patagones. El radicalismo a nivel pol\u00edtico es todo porque uno tiene recuerdos de chico de varias reuniones pol\u00edticas que se hac\u00edan en mi casa. Hoy en d\u00eda lo que hay que priorizar son los valores, mantener la ideolog\u00eda y el respeto a la diversidad ideol\u00f3gica que tienen las personas que son de otros espacios pol\u00edticos, porque en esa diversidad tambi\u00e9n se construye para trabajar en un proyecto pol\u00edtico com\u00fan. El radicalismo siempre fue un partido que brego por trabajar por la gente y que haya un acceso a una universidad p\u00fablica y gratuita a partir de la Reforma Universitaria de 1918 llevada adelante en gran parte por varios dirigentes y j\u00f3venes radicales. El radicalismo lucho por la igualdad, la rep\u00fablica y la democracia durante toda la historia.<\/p>\n\n<p>\u00a0<\/p>\n\n<p><strong>EL POLITOLOGO Y EL POLITICO:<\/strong> \u00bfUn mensaje para los afiliados y no afiliados al Partido Radical?<\/p>\n\n<p><strong>LEANDRO MERLO EZCURRA:<\/strong> M\u00e1s que nunca tenemos que luchar por una Argentina m\u00e1s justa, con independencia de poderes y hay que tratar de llegar con ese mensaje a la gente porque con los valores que tiene el radicalismo y aportando nuestro granito de arena en los lugares de gobierno que nos toca hoy estar y el afiliado acompa\u00f1ando un proyecto pol\u00edtico plural, vamos a lograr que nuestro pueblo, nuestra provincia y nuestro pa\u00eds salga adelante.<\/p>\n\t\t\t\t\t\t\t\t<\/div>\n\t\t\t\t<\/div>\n\t\t\t\t\t<\/div>\n\t\t<\/div>\n\t\t\t\t\t<\/div>\n\t\t<\/section>\n\t\t\t\t<\/div>\n\t\t<div class=\"fb-background-color\">\n\t\t\t  <div \n\t\t\t  \tclass = \"fb-comments\" \n\t\t\t  \tdata-href = \"https:\/\/www.elpolitologoyelpolitico.com.ar\/wordpress\/2021\/06\/26\/4749\/\"\n\t\t\t  \tdata-numposts = \"10\"\n\t\t\t  \tdata-lazy = \"true\"\n\t\t\t\tdata-colorscheme = \"light\"\n\t\t\t\tdata-order-by = \"social\"\n\t\t\t\tdata-mobile=true>\n\t\t\t  <\/div><\/div>\n\t\t  <style>\n\t\t    .fb-background-color {\n\t\t\t\tbackground: #ffffff !important;\n\t\t\t}\n\t\t\t.fb_iframe_widget_fluid_desktop iframe {\n\t\t\t    width: 100% !important;\n\t\t\t}\n\t\t  <\/style>\n\t\t  ","protected":false},"excerpt":{"rendered":"<p>\u00a0 Hoy es el aniversario del Partido Pol\u00edtico \u201cUni\u00f3n C\u00edvica Radical\u201d y se cumplen 130 a\u00f1os desde su Fundaci\u00f3n EL POLIT\u00d3LOGO Y EL POL\u00cdTICO: \u00bfLa UNI\u00d3N CIVICA RADICAL cumple un nuevo aniversario? LEANDRO MERLO EZCURRA: Si, Se cumplen 130 a\u00f1os de la Uni\u00f3n C\u00edvica Radical que fue fundada por Leandro. N Alem el 26 de [&hellip;]<\/p>\n","protected":false},"author":4,"featured_media":4750,"comment_status":"closed","ping_status":"closed","sticky":false,"template":"","format":"standard","meta":{"_joinchat":[],"footnotes":""},"categories":[5],"tags":[],"class_list":["post-4749","post","type-post","status-publish","format-standard","has-post-thumbnail","hentry","category-partidos-politicos"],"_links":{"self":[{"href":"https:\/\/www.elpolitologoyelpolitico.com.ar\/wordpress\/wp-json\/wp\/v2\/posts\/4749","targetHints":{"allow":["GET"]}}],"collection":[{"href":"https:\/\/www.elpolitologoyelpolitico.com.ar\/wordpress\/wp-json\/wp\/v2\/posts"}],"about":[{"href":"https:\/\/www.elpolitologoyelpolitico.com.ar\/wordpress\/wp-json\/wp\/v2\/types\/post"}],"author":[{"embeddable":true,"href":"https:\/\/www.elpolitologoyelpolitico.com.ar\/wordpress\/wp-json\/wp\/v2\/users\/4"}],"replies":[{"embeddable":true,"href":"https:\/\/www.elpolitologoyelpolitico.com.ar\/wordpress\/wp-json\/wp\/v2\/comments?post=4749"}],"version-history":[{"count":0,"href":"https:\/\/www.elpolitologoyelpolitico.com.ar\/wordpress\/wp-json\/wp\/v2\/posts\/4749\/revisions"}],"wp:featuredmedia":[{"embeddable":true,"href":"https:\/\/www.elpolitologoyelpolitico.com.ar\/wordpress\/wp-json\/wp\/v2\/media\/4750"}],"wp:attachment":[{"href":"https:\/\/www.elpolitologoyelpolitico.com.ar\/wordpress\/wp-json\/wp\/v2\/media?parent=4749"}],"wp:term":[{"taxonomy":"category","embeddable":true,"href":"https:\/\/www.elpolitologoyelpolitico.com.ar\/wordpress\/wp-json\/wp\/v2\/categories?post=4749"},{"taxonomy":"post_tag","embeddable":true,"href":"https:\/\/www.elpolitologoyelpolitico.com.ar\/wordpress\/wp-json\/wp\/v2\/tags?post=4749"}],"curies":[{"name":"wp","href":"https:\/\/api.w.org\/{rel}","templated":true}]}}