{"id":47484,"date":"2026-09-05T00:33:24","date_gmt":"2026-09-05T03:33:24","guid":{"rendered":"https:\/\/www.elpolitologoyelpolitico.com.ar\/wordpress\/?p=47484"},"modified":"2026-09-05T00:33:26","modified_gmt":"2026-09-05T03:33:26","slug":"por-decreto-municipal-aumento-el-boleto-de-colectivo-en-viedma","status":"publish","type":"post","link":"https:\/\/www.elpolitologoyelpolitico.com.ar\/wordpress\/2026\/09\/05\/por-decreto-municipal-aumento-el-boleto-de-colectivo-en-viedma\/","title":{"rendered":"Por Decreto Municipal aument\u00f3 el boleto de colectivo en Viedma"},"content":{"rendered":"\n<p>El boleto del transporte urbano de pasajeros en Viedma aumentar\u00e1 un 15%, pasando de $1.300 a $1.500. El boleto educativo, por su parte, subir\u00e1 de $325 a $375. La medida alcanza a las cinco l\u00edneas que prestan servicio en la ciudad.<\/p>\n\n\n\n<p>Un decreto del Municipio<\/p>\n\n\n\n<p>La actualizaci\u00f3n fue aprobada por el intendente Marcos Castro a trav\u00e9s del Decreto N\u00b0 745\/2026 y representa el primer incremento del a\u00f1o en la tarifa. Seg\u00fan explic\u00f3 el Municipio, la suba responde al aumento de los costos de prestaci\u00f3n del servicio y a los incrementos salariales, que hab\u00edan dejado desactualizadas las tarifas vigentes desde 2025.<\/p>\n\n\n\n<p>Cu\u00e1ndo empieza a regir<\/p>\n\n\n\n<p>Los nuevos valores corresponden a las l\u00edneas urbanas A, D, E, G y Viedma-Patagones, y comenzar\u00e1n a aplicarse de forma autom\u00e1tica en septiembre.<\/p>\n\n\n\n<p>Boleto \u00fanico: de $1.300 a $1.500<\/p>\n\n\n\n<p>Boleto educativo: de $325 a $375<\/p>\n\n\n\n<p>El servicio interurbano que une Viedma con El C\u00f3ndor y La Lober\u00eda, cuyo \u00faltimo aumento fue en junio, todav\u00eda no tiene novedades sobre una posible actualizaci\u00f3n de tarifa.<br><\/p>\n<div class=\"fb-background-color\">\n\t\t\t  <div \n\t\t\t  \tclass = \"fb-comments\" \n\t\t\t  \tdata-href = \"https:\/\/www.elpolitologoyelpolitico.com.ar\/wordpress\/2026\/09\/05\/por-decreto-municipal-aumento-el-boleto-de-colectivo-en-viedma\/\"\n\t\t\t  \tdata-numposts = \"10\"\n\t\t\t  \tdata-lazy = \"true\"\n\t\t\t\tdata-colorscheme = \"light\"\n\t\t\t\tdata-order-by = \"social\"\n\t\t\t\tdata-mobile=true>\n\t\t\t  <\/div><\/div>\n\t\t  <style>\n\t\t    .fb-background-color {\n\t\t\t\tbackground: #ffffff !important;\n\t\t\t}\n\t\t\t.fb_iframe_widget_fluid_desktop iframe {\n\t\t\t    width: 100% !important;\n\t\t\t}\n\t\t  <\/style>\n\t\t  ","protected":false},"excerpt":{"rendered":"<p>El boleto del transporte urbano de pasajeros en Viedma aumentar\u00e1 un 15%, pasando de $1.300 a $1.500. El boleto educativo, por su parte, subir\u00e1 de $325 a $375. La medida alcanza a las cinco l\u00edneas que prestan servicio en la ciudad. Un decreto del Municipio La actualizaci\u00f3n fue aprobada por el intendente Marcos Castro a [&hellip;]<\/p>\n","protected":false},"author":4,"featured_media":47485,"comment_status":"closed","ping_status":"closed","sticky":false,"template":"","format":"standard","meta":{"_joinchat":[],"footnotes":""},"categories":[39],"tags":[],"class_list":["post-47484","post","type-post","status-publish","format-standard","has-post-thumbnail","hentry","category-en-esta-seccion"],"_links":{"self":[{"href":"https:\/\/www.elpolitologoyelpolitico.com.ar\/wordpress\/wp-json\/wp\/v2\/posts\/47484","targetHints":{"allow":["GET"]}}],"collection":[{"href":"https:\/\/www.elpolitologoyelpolitico.com.ar\/wordpress\/wp-json\/wp\/v2\/posts"}],"about":[{"href":"https:\/\/www.elpolitologoyelpolitico.com.ar\/wordpress\/wp-json\/wp\/v2\/types\/post"}],"author":[{"embeddable":true,"href":"https:\/\/www.elpolitologoyelpolitico.com.ar\/wordpress\/wp-json\/wp\/v2\/users\/4"}],"replies":[{"embeddable":true,"href":"https:\/\/www.elpolitologoyelpolitico.com.ar\/wordpress\/wp-json\/wp\/v2\/comments?post=47484"}],"version-history":[{"count":2,"href":"https:\/\/www.elpolitologoyelpolitico.com.ar\/wordpress\/wp-json\/wp\/v2\/posts\/47484\/revisions"}],"predecessor-version":[{"id":47487,"href":"https:\/\/www.elpolitologoyelpolitico.com.ar\/wordpress\/wp-json\/wp\/v2\/posts\/47484\/revisions\/47487"}],"wp:featuredmedia":[{"embeddable":true,"href":"https:\/\/www.elpolitologoyelpolitico.com.ar\/wordpress\/wp-json\/wp\/v2\/media\/47485"}],"wp:attachment":[{"href":"https:\/\/www.elpolitologoyelpolitico.com.ar\/wordpress\/wp-json\/wp\/v2\/media?parent=47484"}],"wp:term":[{"taxonomy":"category","embeddable":true,"href":"https:\/\/www.elpolitologoyelpolitico.com.ar\/wordpress\/wp-json\/wp\/v2\/categories?post=47484"},{"taxonomy":"post_tag","embeddable":true,"href":"https:\/\/www.elpolitologoyelpolitico.com.ar\/wordpress\/wp-json\/wp\/v2\/tags?post=47484"}],"curies":[{"name":"wp","href":"https:\/\/api.w.org\/{rel}","templated":true}]}}