{"id":47480,"date":"2026-09-04T21:55:50","date_gmt":"2026-09-05T00:55:50","guid":{"rendered":"https:\/\/www.elpolitologoyelpolitico.com.ar\/wordpress\/?p=47480"},"modified":"2026-09-04T21:55:52","modified_gmt":"2026-09-05T00:55:52","slug":"franco-balcarce-impulso-la-digitalizacion-en-patagones-y-anticipo-los-ejes-del-presupuesto-2027","status":"publish","type":"post","link":"https:\/\/www.elpolitologoyelpolitico.com.ar\/wordpress\/2026\/09\/04\/franco-balcarce-impulso-la-digitalizacion-en-patagones-y-anticipo-los-ejes-del-presupuesto-2027\/","title":{"rendered":"Franco Balcarce impuls\u00f3 la digitalizaci\u00f3n en Patagones y anticip\u00f3 los ejes del Presupuesto 2027"},"content":{"rendered":"\n<figure class=\"wp-block-audio\"><audio controls src=\"https:\/\/www.elpolitologoyelpolitico.com.ar\/wp-content\/uploads\/2026\/09\/2026-09-04-Franco-Balcarce.mp3\"><\/audio><\/figure>\n\n\n\n<p>En comunicaci\u00f3n con el programa radial <em>El Polit\u00f3logo y el Pol\u00edtico<\/em>, el secretario de Hacienda de la Municipalidad de Carmen de Patagones, Franco Balcarce, brind\u00f3 detalles sobre los nuevos programas de formaci\u00f3n para el personal municipal, los avances en la modernizaci\u00f3n de los tr\u00e1mites locales y las proyecciones financieras para el pr\u00f3ximo ejercicio.<\/p>\n\n\n\n<p><strong>Capacitaci\u00f3n en administraci\u00f3n y herramientas digitales<\/strong><\/p>\n\n\n\n<p> Tras acuerdos en las paritarias de julio con los gremios (particularmente ASEM), se puso en marcha una instancia de formaci\u00f3n para empleados administrativos.<\/p>\n\n\n\n<ul class=\"wp-block-list\">\n<li><strong>Materias dictadas:<\/strong> Ofim\u00e1tica (inicial y media) e introducci\u00f3n al sistema RAFAM (m\u00f3dulo de administraci\u00f3n financiera de la provincia de Buenos Aires).<\/li>\n\n\n\n<li><strong>Convocatoria:<\/strong> La propuesta alcanz\u00f3 cerca de 250 inscriptos. Se prev\u00e9 expandir la iniciativa a talleres del corral\u00f3n, herrer\u00eda, pintura y el \u00e1rea de salud.<\/li>\n<\/ul>\n\n\n\n<ul class=\"wp-block-list\">\n<li><strong>Nueva oficina virtual para el contribuyente:<\/strong> En conjunto con el \u00e1rea de Modernizaci\u00f3n, el municipio trabaja para reemplazar la antigua plataforma web por una propia con integraci\u00f3n total de datos.\n<ul class=\"wp-block-list\">\n<li>Permitir\u00e1 consultar la totalidad de las deudas y abonar tasas municipales de forma remota las 24 horas.<\/li>\n<\/ul>\n<\/li>\n\n\n\n<li><strong>Primeros pasos hacia el Presupuesto y Tarifaria 2027:<\/strong> Hacienda ya envi\u00f3 las primeras notas internas a las distintas secretar\u00edas para iniciar las proyecciones presupuestarias, a la espera de las pautas macroecon\u00f3micas provinciales para estimar la coparticipaci\u00f3n. Para la tarifaria, la referencia inicial ser\u00e1 la evoluci\u00f3n del \u00cdndice de Precios al Consumidor (IPC).<\/li>\n\n\n\n<li><strong>Di\u00e1logo con un Concejo Deliberante fragmentado:<\/strong> Ante la reestructuraci\u00f3n del HCD, que actualmente cuenta con siete bloques pol\u00edticos, Balcarce se\u00f1al\u00f3 que buscar\u00e1n consensos amplios como se realiz\u00f3 el a\u00f1o anterior.<\/li>\n<\/ul>\n\n\n\n<blockquote class=\"wp-block-quote is-layout-flow wp-block-quote-is-layout-flow\">\n<p><em>\u00abLa forma de trabajar es buscar consenso con todos los bloques. M\u00e1s all\u00e1 del desaf\u00edo operativo que implica dar espacio a tantos sectores, la prioridad es lograr el acompa\u00f1amiento de la mayor\u00eda.\u00bb<\/em><\/p>\n<\/blockquote>\n\n\n\n<ul class=\"wp-block-list\">\n<li><strong>Futuro pol\u00edtico y candidaturas:<\/strong> Consultado por las versiones que lo ubican como posible candidato a intendente dentro del espacio oficialista para 2027 junto a otros nombres del peronismo local, el funcionario remarc\u00f3 la prudencia:<\/li>\n<\/ul>\n\n\n\n<blockquote class=\"wp-block-quote is-layout-flow wp-block-quote-is-layout-flow\">\n<p><em>\u00abEl intendente Ricardo Marino ya aclar\u00f3 que las definiciones llegar\u00e1n a partir de marzo. A m\u00ed me toca trabajar d\u00eda a d\u00eda y proyectar una Secretar\u00eda de Hacienda a largo plazo, con herramientas digitales que le queden a la comunidad independientemente del color pol\u00edtico de turno.\u00bb<\/em><\/p>\n<\/blockquote>\n\n\n\n<p><\/p>\n<div class=\"fb-background-color\">\n\t\t\t  <div \n\t\t\t  \tclass = \"fb-comments\" \n\t\t\t  \tdata-href = \"https:\/\/www.elpolitologoyelpolitico.com.ar\/wordpress\/2026\/09\/04\/franco-balcarce-impulso-la-digitalizacion-en-patagones-y-anticipo-los-ejes-del-presupuesto-2027\/\"\n\t\t\t  \tdata-numposts = \"10\"\n\t\t\t  \tdata-lazy = \"true\"\n\t\t\t\tdata-colorscheme = \"light\"\n\t\t\t\tdata-order-by = \"social\"\n\t\t\t\tdata-mobile=true>\n\t\t\t  <\/div><\/div>\n\t\t  <style>\n\t\t    .fb-background-color {\n\t\t\t\tbackground: #ffffff !important;\n\t\t\t}\n\t\t\t.fb_iframe_widget_fluid_desktop iframe {\n\t\t\t    width: 100% !important;\n\t\t\t}\n\t\t  <\/style>\n\t\t  ","protected":false},"excerpt":{"rendered":"<p>En comunicaci\u00f3n con el programa radial El Polit\u00f3logo y el Pol\u00edtico, el secretario de Hacienda de la Municipalidad de Carmen de Patagones, Franco Balcarce, brind\u00f3 detalles sobre los nuevos programas de formaci\u00f3n para el personal municipal, los avances en la modernizaci\u00f3n de los tr\u00e1mites locales y las proyecciones financieras para el pr\u00f3ximo ejercicio. Capacitaci\u00f3n en [&hellip;]<\/p>\n","protected":false},"author":4,"featured_media":47481,"comment_status":"closed","ping_status":"closed","sticky":false,"template":"","format":"standard","meta":{"_joinchat":[],"footnotes":""},"categories":[39],"tags":[],"class_list":["post-47480","post","type-post","status-publish","format-standard","has-post-thumbnail","hentry","category-en-esta-seccion"],"_links":{"self":[{"href":"https:\/\/www.elpolitologoyelpolitico.com.ar\/wordpress\/wp-json\/wp\/v2\/posts\/47480","targetHints":{"allow":["GET"]}}],"collection":[{"href":"https:\/\/www.elpolitologoyelpolitico.com.ar\/wordpress\/wp-json\/wp\/v2\/posts"}],"about":[{"href":"https:\/\/www.elpolitologoyelpolitico.com.ar\/wordpress\/wp-json\/wp\/v2\/types\/post"}],"author":[{"embeddable":true,"href":"https:\/\/www.elpolitologoyelpolitico.com.ar\/wordpress\/wp-json\/wp\/v2\/users\/4"}],"replies":[{"embeddable":true,"href":"https:\/\/www.elpolitologoyelpolitico.com.ar\/wordpress\/wp-json\/wp\/v2\/comments?post=47480"}],"version-history":[{"count":1,"href":"https:\/\/www.elpolitologoyelpolitico.com.ar\/wordpress\/wp-json\/wp\/v2\/posts\/47480\/revisions"}],"predecessor-version":[{"id":47483,"href":"https:\/\/www.elpolitologoyelpolitico.com.ar\/wordpress\/wp-json\/wp\/v2\/posts\/47480\/revisions\/47483"}],"wp:featuredmedia":[{"embeddable":true,"href":"https:\/\/www.elpolitologoyelpolitico.com.ar\/wordpress\/wp-json\/wp\/v2\/media\/47481"}],"wp:attachment":[{"href":"https:\/\/www.elpolitologoyelpolitico.com.ar\/wordpress\/wp-json\/wp\/v2\/media?parent=47480"}],"wp:term":[{"taxonomy":"category","embeddable":true,"href":"https:\/\/www.elpolitologoyelpolitico.com.ar\/wordpress\/wp-json\/wp\/v2\/categories?post=47480"},{"taxonomy":"post_tag","embeddable":true,"href":"https:\/\/www.elpolitologoyelpolitico.com.ar\/wordpress\/wp-json\/wp\/v2\/tags?post=47480"}],"curies":[{"name":"wp","href":"https:\/\/api.w.org\/{rel}","templated":true}]}}