{"id":47477,"date":"2026-09-05T11:02:45","date_gmt":"2026-09-05T14:02:45","guid":{"rendered":"https:\/\/www.elpolitologoyelpolitico.com.ar\/wordpress\/?p=47477"},"modified":"2026-09-05T11:02:47","modified_gmt":"2026-09-05T14:02:47","slug":"ola-de-impunidad-en-la-comarca-denuncian-el-robo-de-varias-bicicletas-en-menos-de-una-semana","status":"publish","type":"post","link":"https:\/\/www.elpolitologoyelpolitico.com.ar\/wordpress\/2026\/09\/05\/ola-de-impunidad-en-la-comarca-denuncian-el-robo-de-varias-bicicletas-en-menos-de-una-semana\/","title":{"rendered":"Ola de impunidad en la Comarca: denuncian el robo de varias bicicletas en menos de una semana"},"content":{"rendered":"\n<p>La inseguridad no da tregua en la Comarca Viedma-Patagones y en los \u00faltimos d\u00edas se ha registrado un alarmante incremento en el robo de bicicletas. Las principales v\u00edctimas est\u00e1n siendo ni\u00f1os y j\u00f3venes que utilizan estos rodados como su \u00fanico medio de transporte para asistir a sus entrenamientos deportivos.<\/p>\n\n\n\n<p><strong>Nuevos casos en las \u00faltimas horas<\/strong><\/p>\n\n\n\n<ul class=\"wp-block-list\">\n<li><strong>Robo en un gimnasio de Viedma:<\/strong> En la jornada de ayer, una vecina denunci\u00f3 la sustracci\u00f3n de la bicicleta de su hijo mientras el ni\u00f1o entrenaba. El hecho ocurri\u00f3 en las inmediaciones de un gimnasio ubicado sobre la calle Bernal, entre Moreno y Caseros. <em>\u00abNecesito recuperar la bici de mi nene&#8230; fue a entrenar y se la robaron\u00bb<\/em>, expres\u00f3 con angustia la madre.<\/li>\n\n\n\n<li><strong>Sustracci\u00f3n domiciliaria en el Barrio El Progreso (Patagones):<\/strong> Anoche, delincuentes ingresaron al patio de una vivienda particular en el barrio El Progreso de Carmen de Patagones para llevarse el rodado de otro joven.<\/li>\n<\/ul>\n\n\n\n<blockquote class=\"wp-block-quote is-layout-flow wp-block-quote-is-layout-flow\">\n<p><em>\u00abEs su \u00fanica movilidad para ir a entrenar. La denuncia ya est\u00e1 hecha. Le cost\u00f3 mucho conseguirla, apelo a la solidaridad de la gente si alguien la ve\u00bb<\/em>, difundi\u00f3 su madre en redes sociales.<\/p>\n<\/blockquote>\n\n\n\n<p><strong>Un patr\u00f3n que se repite en la zona<\/strong><\/p>\n\n\n\n<p>Estos dos hechos se suman a una seguidilla de casos similares registrados esta misma semana en Patagones, donde ya se hab\u00edan reportado al menos otros dos robos de bicicletas en d\u00edas previos.<\/p>\n\n\n\n<p>La modalidad deja en evidencia la impunidad con la que operan los delincuentes, actuando tanto en la v\u00eda p\u00fablica a plena luz del d\u00eda como irrumpiendo en la propiedad privada durante la noche. Familias de ambas localidades solicitan la colaboraci\u00f3n de la comunidad para evitar comprar rodados de dudosa procedencia y aportar cualquier dato que permita recuperar las pertenencias de los j\u00f3venes afectados.<\/p>\n\n\n\n<p><\/p>\n<div class=\"fb-background-color\">\n\t\t\t  <div \n\t\t\t  \tclass = \"fb-comments\" \n\t\t\t  \tdata-href = \"https:\/\/www.elpolitologoyelpolitico.com.ar\/wordpress\/2026\/09\/05\/ola-de-impunidad-en-la-comarca-denuncian-el-robo-de-varias-bicicletas-en-menos-de-una-semana\/\"\n\t\t\t  \tdata-numposts = \"10\"\n\t\t\t  \tdata-lazy = \"true\"\n\t\t\t\tdata-colorscheme = \"light\"\n\t\t\t\tdata-order-by = \"social\"\n\t\t\t\tdata-mobile=true>\n\t\t\t  <\/div><\/div>\n\t\t  <style>\n\t\t    .fb-background-color {\n\t\t\t\tbackground: #ffffff !important;\n\t\t\t}\n\t\t\t.fb_iframe_widget_fluid_desktop iframe {\n\t\t\t    width: 100% !important;\n\t\t\t}\n\t\t  <\/style>\n\t\t  ","protected":false},"excerpt":{"rendered":"<p>La inseguridad no da tregua en la Comarca Viedma-Patagones y en los \u00faltimos d\u00edas se ha registrado un alarmante incremento en el robo de bicicletas. Las principales v\u00edctimas est\u00e1n siendo ni\u00f1os y j\u00f3venes que utilizan estos rodados como su \u00fanico medio de transporte para asistir a sus entrenamientos deportivos. Nuevos casos en las \u00faltimas horas [&hellip;]<\/p>\n","protected":false},"author":4,"featured_media":47478,"comment_status":"closed","ping_status":"closed","sticky":false,"template":"","format":"standard","meta":{"_joinchat":[],"footnotes":""},"categories":[39],"tags":[],"class_list":["post-47477","post","type-post","status-publish","format-standard","has-post-thumbnail","hentry","category-en-esta-seccion"],"_links":{"self":[{"href":"https:\/\/www.elpolitologoyelpolitico.com.ar\/wordpress\/wp-json\/wp\/v2\/posts\/47477","targetHints":{"allow":["GET"]}}],"collection":[{"href":"https:\/\/www.elpolitologoyelpolitico.com.ar\/wordpress\/wp-json\/wp\/v2\/posts"}],"about":[{"href":"https:\/\/www.elpolitologoyelpolitico.com.ar\/wordpress\/wp-json\/wp\/v2\/types\/post"}],"author":[{"embeddable":true,"href":"https:\/\/www.elpolitologoyelpolitico.com.ar\/wordpress\/wp-json\/wp\/v2\/users\/4"}],"replies":[{"embeddable":true,"href":"https:\/\/www.elpolitologoyelpolitico.com.ar\/wordpress\/wp-json\/wp\/v2\/comments?post=47477"}],"version-history":[{"count":1,"href":"https:\/\/www.elpolitologoyelpolitico.com.ar\/wordpress\/wp-json\/wp\/v2\/posts\/47477\/revisions"}],"predecessor-version":[{"id":47479,"href":"https:\/\/www.elpolitologoyelpolitico.com.ar\/wordpress\/wp-json\/wp\/v2\/posts\/47477\/revisions\/47479"}],"wp:featuredmedia":[{"embeddable":true,"href":"https:\/\/www.elpolitologoyelpolitico.com.ar\/wordpress\/wp-json\/wp\/v2\/media\/47478"}],"wp:attachment":[{"href":"https:\/\/www.elpolitologoyelpolitico.com.ar\/wordpress\/wp-json\/wp\/v2\/media?parent=47477"}],"wp:term":[{"taxonomy":"category","embeddable":true,"href":"https:\/\/www.elpolitologoyelpolitico.com.ar\/wordpress\/wp-json\/wp\/v2\/categories?post=47477"},{"taxonomy":"post_tag","embeddable":true,"href":"https:\/\/www.elpolitologoyelpolitico.com.ar\/wordpress\/wp-json\/wp\/v2\/tags?post=47477"}],"curies":[{"name":"wp","href":"https:\/\/api.w.org\/{rel}","templated":true}]}}