{"id":47472,"date":"2026-09-05T11:01:55","date_gmt":"2026-09-05T14:01:55","guid":{"rendered":"https:\/\/www.elpolitologoyelpolitico.com.ar\/wordpress\/?p=47472"},"modified":"2026-09-05T11:01:57","modified_gmt":"2026-09-05T14:01:57","slug":"un-exfuncionario-de-la-procuracion-tenia-que-declarar-en-un-caso-de-corrupcion-k-y-aparecio-muerto-en-la-calle","status":"publish","type":"post","link":"https:\/\/www.elpolitologoyelpolitico.com.ar\/wordpress\/2026\/09\/05\/un-exfuncionario-de-la-procuracion-tenia-que-declarar-en-un-caso-de-corrupcion-k-y-aparecio-muerto-en-la-calle\/","title":{"rendered":"Un exfuncionario de la Procuraci\u00f3n ten\u00eda que declarar en un caso de corrupci\u00f3n K y apareci\u00f3 muerto en la calle"},"content":{"rendered":"\n<p>Encontraron muerto a Guillermo Bellingi, exsubdirector general de la Procuraci\u00f3n General de la Naci\u00f3n y uno de los acusados en una causa por presuntas irregularidades durante la gesti\u00f3n de Alejandra Gils Carb\u00f3.<\/p>\n\n\n\n<p>Bellingi, de 55 a\u00f1os, fue hallado con una herida de arma blanca en el pecho en Villa Elisa. En apenas 20 d\u00edas deb\u00eda comenzar el juicio oral por la compra de un edificio que investiga presuntos hechos de corrupci\u00f3n.<\/p>\n\n\n\n<p>La Justicia ahora intenta determinar c\u00f3mo lleg\u00f3 hasta el lugar y qu\u00e9 ocurri\u00f3 antes de su muerte.<\/p>\n<div class=\"fb-background-color\">\n\t\t\t  <div \n\t\t\t  \tclass = \"fb-comments\" \n\t\t\t  \tdata-href = \"https:\/\/www.elpolitologoyelpolitico.com.ar\/wordpress\/2026\/09\/05\/un-exfuncionario-de-la-procuracion-tenia-que-declarar-en-un-caso-de-corrupcion-k-y-aparecio-muerto-en-la-calle\/\"\n\t\t\t  \tdata-numposts = \"10\"\n\t\t\t  \tdata-lazy = \"true\"\n\t\t\t\tdata-colorscheme = \"light\"\n\t\t\t\tdata-order-by = \"social\"\n\t\t\t\tdata-mobile=true>\n\t\t\t  <\/div><\/div>\n\t\t  <style>\n\t\t    .fb-background-color {\n\t\t\t\tbackground: #ffffff !important;\n\t\t\t}\n\t\t\t.fb_iframe_widget_fluid_desktop iframe {\n\t\t\t    width: 100% !important;\n\t\t\t}\n\t\t  <\/style>\n\t\t  ","protected":false},"excerpt":{"rendered":"<p>Encontraron muerto a Guillermo Bellingi, exsubdirector general de la Procuraci\u00f3n General de la Naci\u00f3n y uno de los acusados en una causa por presuntas irregularidades durante la gesti\u00f3n de Alejandra Gils Carb\u00f3. Bellingi, de 55 a\u00f1os, fue hallado con una herida de arma blanca en el pecho en Villa Elisa. En apenas 20 d\u00edas deb\u00eda [&hellip;]<\/p>\n","protected":false},"author":4,"featured_media":47473,"comment_status":"closed","ping_status":"closed","sticky":false,"template":"","format":"standard","meta":{"_joinchat":[],"footnotes":""},"categories":[39],"tags":[],"class_list":["post-47472","post","type-post","status-publish","format-standard","has-post-thumbnail","hentry","category-en-esta-seccion"],"_links":{"self":[{"href":"https:\/\/www.elpolitologoyelpolitico.com.ar\/wordpress\/wp-json\/wp\/v2\/posts\/47472","targetHints":{"allow":["GET"]}}],"collection":[{"href":"https:\/\/www.elpolitologoyelpolitico.com.ar\/wordpress\/wp-json\/wp\/v2\/posts"}],"about":[{"href":"https:\/\/www.elpolitologoyelpolitico.com.ar\/wordpress\/wp-json\/wp\/v2\/types\/post"}],"author":[{"embeddable":true,"href":"https:\/\/www.elpolitologoyelpolitico.com.ar\/wordpress\/wp-json\/wp\/v2\/users\/4"}],"replies":[{"embeddable":true,"href":"https:\/\/www.elpolitologoyelpolitico.com.ar\/wordpress\/wp-json\/wp\/v2\/comments?post=47472"}],"version-history":[{"count":1,"href":"https:\/\/www.elpolitologoyelpolitico.com.ar\/wordpress\/wp-json\/wp\/v2\/posts\/47472\/revisions"}],"predecessor-version":[{"id":47474,"href":"https:\/\/www.elpolitologoyelpolitico.com.ar\/wordpress\/wp-json\/wp\/v2\/posts\/47472\/revisions\/47474"}],"wp:featuredmedia":[{"embeddable":true,"href":"https:\/\/www.elpolitologoyelpolitico.com.ar\/wordpress\/wp-json\/wp\/v2\/media\/47473"}],"wp:attachment":[{"href":"https:\/\/www.elpolitologoyelpolitico.com.ar\/wordpress\/wp-json\/wp\/v2\/media?parent=47472"}],"wp:term":[{"taxonomy":"category","embeddable":true,"href":"https:\/\/www.elpolitologoyelpolitico.com.ar\/wordpress\/wp-json\/wp\/v2\/categories?post=47472"},{"taxonomy":"post_tag","embeddable":true,"href":"https:\/\/www.elpolitologoyelpolitico.com.ar\/wordpress\/wp-json\/wp\/v2\/tags?post=47472"}],"curies":[{"name":"wp","href":"https:\/\/api.w.org\/{rel}","templated":true}]}}