{"id":47467,"date":"2026-09-04T17:47:38","date_gmt":"2026-09-04T20:47:38","guid":{"rendered":"https:\/\/www.elpolitologoyelpolitico.com.ar\/wordpress\/?p=47467"},"modified":"2026-09-04T17:47:40","modified_gmt":"2026-09-04T20:47:40","slug":"la-concejal-ivi-franco-denuncio-persecucion-politica-hay-una-opereta-entre-el-peronismo-y-la-falsa-oposicion","status":"publish","type":"post","link":"https:\/\/www.elpolitologoyelpolitico.com.ar\/wordpress\/2026\/09\/04\/la-concejal-ivi-franco-denuncio-persecucion-politica-hay-una-opereta-entre-el-peronismo-y-la-falsa-oposicion\/","title":{"rendered":"La concejal Ivi Franco denunci\u00f3 persecuci\u00f3n pol\u00edtica: \u00abHay una opereta entre el peronismo y la falsa oposici\u00f3n\u00bb"},"content":{"rendered":"\n<figure class=\"wp-block-audio\"><audio controls src=\"https:\/\/www.elpolitologoyelpolitico.com.ar\/wp-content\/uploads\/2026\/09\/2026-09-04-Silvina-Franco-1.mp3\"><\/audio><\/figure>\n\n\n\n<p>En di\u00e1logo con el programa <em>El Polit\u00f3logo y el Pol\u00edtico<\/em>, la concejal liberal libertaria de Viedma, Ivi Franco, rompi\u00f3 el silencio tras las acusaciones sindicales en su contra. La edil asegur\u00f3 ser v\u00edctima de un armado pol\u00edtico orquestado por sectores del oficialismo y la oposici\u00f3n local, al tiempo que critic\u00f3 el paralizamiento del trabajo de comisiones en el Concejo Deliberante.<\/p>\n\n\n\n<p><strong>Las claves de la entrevista<\/strong><\/p>\n\n\n\n<ul class=\"wp-block-list\">\n<li><strong>Denuncia de persecuci\u00f3n y \u00aboperetas\u00bb medi\u00e1ticas:<\/strong> Franco afirm\u00f3 haberse enterado de las acusaciones del sector gremial (ATE) a trav\u00e9s de la prensa antes de recibir la notificaci\u00f3n formal en el Concejo Deliberante. Atribuy\u00f3 esta maniobra a un pacto entre dirigentes locales y medios afines.<\/li>\n<\/ul>\n\n\n\n<blockquote class=\"wp-block-quote is-layout-flow wp-block-quote-is-layout-flow\">\n<p><em>\u00abSe enteran primero los medios que te inventaron una denuncia&#8230; Esto es una opereta entre los pol\u00edticos peronistas del oficialismo y la supuesta oposici\u00f3n. Les molesta una persona como yo porque no pertenezco a la casta.\u00bb<\/em><\/p>\n<\/blockquote>\n\n\n\n<ul class=\"wp-block-list\">\n<li><strong>Aislada en el recinto:<\/strong> La concejal remarc\u00f3 que existe una falta total de comunicaci\u00f3n institucional hacia su bloque, se\u00f1alando que el resto de los ediles responde a una misma l\u00ednea ideol\u00f3gica que busca marginar la representaci\u00f3n libertaria.<\/li>\n<\/ul>\n\n\n\n<blockquote class=\"wp-block-quote is-layout-flow wp-block-quote-is-layout-flow\">\n<p><em>\u00abTienen contacto cero conmigo. Las reuniones se avisan por grupos de WhatsApp. En el Concejo no hay oposici\u00f3n: son todos progresistas y peronistas.\u00bb<\/em><\/p>\n<\/blockquote>\n\n\n\n<ul class=\"wp-block-list\">\n<li><strong>Alerta por posibles incidentes en la pr\u00f3xima sesi\u00f3n:<\/strong> Ante la convocatoria legislativa de la semana entrante, Franco solicit\u00f3 a sus partidarios y vecinos asistir al recinto para documentar el accionar de los gremios, a quienes calific\u00f3 de violentos.<\/li>\n<\/ul>\n\n\n\n<blockquote class=\"wp-block-quote is-layout-flow wp-block-quote-is-layout-flow\">\n<p><em>\u00abLlamo a estar alerta para la pr\u00f3xima sesi\u00f3n. Le pido a la gente que vaya y filme todo, porque los gremialistas y sindicalistas se manejan con violencia y ya no representan al trabajador.\u00bb<\/em><\/p>\n<\/blockquote>\n\n\n\n<ul class=\"wp-block-list\">\n<li><strong>Proyectos frenados en comisiones:<\/strong> La edil cuestion\u00f3 la falta de convocatoria a la Comisi\u00f3n de Desarrollo Econ\u00f3mico, lo que ha impedido el tratamiento de sus iniciativas para la ciudad:\n<ul class=\"wp-block-list\">\n<li><strong>Mercado Concentrador:<\/strong> Proyecto orientado a dinamizar la econom\u00eda local y beneficiar a productores del Valle Inferior.<\/li>\n\n\n\n<li><strong>Regulaci\u00f3n de Cosm\u00e9tica Natural:<\/strong> Propuesta para impulsar y formalizar a los emprendedores del sector artesanal.<\/li>\n\n\n\n<li><strong>Atenci\u00f3n a Adultos Mayores:<\/strong> Respald\u00f3 el reclamo del Consejo de Adultos Mayores respecto a expedientes paralizados por la conducci\u00f3n del cuerpo.<\/li>\n<\/ul>\n<\/li>\n<\/ul>\n\n\n\n<p><strong>Sin respuestas del oficialismo<\/strong><\/p>\n\n\n\n<p>Al cierre del espacio radial, Franco sostuvo que la falta de tratamiento de las iniciativas vecinales no la perjudica a ella en t\u00e9rminos personales, sino que demuestra la desconexi\u00f3n del cuerpo deliberativo con las demandas reales de la sociedad viedmense.<\/p>\n\n\n\n<p><\/p>\n<div class=\"fb-background-color\">\n\t\t\t  <div \n\t\t\t  \tclass = \"fb-comments\" \n\t\t\t  \tdata-href = \"https:\/\/www.elpolitologoyelpolitico.com.ar\/wordpress\/2026\/09\/04\/la-concejal-ivi-franco-denuncio-persecucion-politica-hay-una-opereta-entre-el-peronismo-y-la-falsa-oposicion\/\"\n\t\t\t  \tdata-numposts = \"10\"\n\t\t\t  \tdata-lazy = \"true\"\n\t\t\t\tdata-colorscheme = \"light\"\n\t\t\t\tdata-order-by = \"social\"\n\t\t\t\tdata-mobile=true>\n\t\t\t  <\/div><\/div>\n\t\t  <style>\n\t\t    .fb-background-color {\n\t\t\t\tbackground: #ffffff !important;\n\t\t\t}\n\t\t\t.fb_iframe_widget_fluid_desktop iframe {\n\t\t\t    width: 100% !important;\n\t\t\t}\n\t\t  <\/style>\n\t\t  ","protected":false},"excerpt":{"rendered":"<p>En di\u00e1logo con el programa El Polit\u00f3logo y el Pol\u00edtico, la concejal liberal libertaria de Viedma, Ivi Franco, rompi\u00f3 el silencio tras las acusaciones sindicales en su contra. La edil asegur\u00f3 ser v\u00edctima de un armado pol\u00edtico orquestado por sectores del oficialismo y la oposici\u00f3n local, al tiempo que critic\u00f3 el paralizamiento del trabajo de [&hellip;]<\/p>\n","protected":false},"author":4,"featured_media":47468,"comment_status":"closed","ping_status":"closed","sticky":false,"template":"","format":"standard","meta":{"_joinchat":[],"footnotes":""},"categories":[21],"tags":[],"class_list":["post-47467","post","type-post","status-publish","format-standard","has-post-thumbnail","hentry","category-actores-politicos"],"_links":{"self":[{"href":"https:\/\/www.elpolitologoyelpolitico.com.ar\/wordpress\/wp-json\/wp\/v2\/posts\/47467","targetHints":{"allow":["GET"]}}],"collection":[{"href":"https:\/\/www.elpolitologoyelpolitico.com.ar\/wordpress\/wp-json\/wp\/v2\/posts"}],"about":[{"href":"https:\/\/www.elpolitologoyelpolitico.com.ar\/wordpress\/wp-json\/wp\/v2\/types\/post"}],"author":[{"embeddable":true,"href":"https:\/\/www.elpolitologoyelpolitico.com.ar\/wordpress\/wp-json\/wp\/v2\/users\/4"}],"replies":[{"embeddable":true,"href":"https:\/\/www.elpolitologoyelpolitico.com.ar\/wordpress\/wp-json\/wp\/v2\/comments?post=47467"}],"version-history":[{"count":1,"href":"https:\/\/www.elpolitologoyelpolitico.com.ar\/wordpress\/wp-json\/wp\/v2\/posts\/47467\/revisions"}],"predecessor-version":[{"id":47471,"href":"https:\/\/www.elpolitologoyelpolitico.com.ar\/wordpress\/wp-json\/wp\/v2\/posts\/47467\/revisions\/47471"}],"wp:featuredmedia":[{"embeddable":true,"href":"https:\/\/www.elpolitologoyelpolitico.com.ar\/wordpress\/wp-json\/wp\/v2\/media\/47468"}],"wp:attachment":[{"href":"https:\/\/www.elpolitologoyelpolitico.com.ar\/wordpress\/wp-json\/wp\/v2\/media?parent=47467"}],"wp:term":[{"taxonomy":"category","embeddable":true,"href":"https:\/\/www.elpolitologoyelpolitico.com.ar\/wordpress\/wp-json\/wp\/v2\/categories?post=47467"},{"taxonomy":"post_tag","embeddable":true,"href":"https:\/\/www.elpolitologoyelpolitico.com.ar\/wordpress\/wp-json\/wp\/v2\/tags?post=47467"}],"curies":[{"name":"wp","href":"https:\/\/api.w.org\/{rel}","templated":true}]}}