{"id":47462,"date":"2026-09-03T23:51:23","date_gmt":"2026-09-04T02:51:23","guid":{"rendered":"https:\/\/www.elpolitologoyelpolitico.com.ar\/wordpress\/?p=47462"},"modified":"2026-09-03T23:51:25","modified_gmt":"2026-09-04T02:51:25","slug":"las-islas-malvinas-son-argentinas-no-hay-discusion-al-respecto-javier-milei","status":"publish","type":"post","link":"https:\/\/www.elpolitologoyelpolitico.com.ar\/wordpress\/2026\/09\/03\/las-islas-malvinas-son-argentinas-no-hay-discusion-al-respecto-javier-milei\/","title":{"rendered":"\u201cLas Islas Malvinas son argentinas, no hay discusi\u00f3n al respecto\u201d Javier Milei"},"content":{"rendered":"\n<p>A trav\u00e9s de una cadena nacional y acompa\u00f1ado por todo el Gabinete, el Presidente dijo que enviar\u00e1 un paquete de proyectos al Congreso con el fin de resguardar la soberan\u00eda en las Islas. \u201cSon argentinas por historia y por derecho, no hay discusi\u00f3n al respecto\u201d, resalt\u00f3 el jefe de Estado al iniciar su comunicado.<\/p>\n\n\n\n<p>\u201cLas Islas Malvinas son argentinas, no hay discusi\u00f3n al respecto\u201d indic\u00f3 el presidente.<\/p>\n\n\n\n<p>Adem\u00e1s, reafirm\u00f3 un fuerte reclamo de soberan\u00eda argentina sobre las islas Malvinas. En ese mensaje, anunci\u00f3 que enviar\u00e1 al Congreso un paquete de medidas, anticip\u00f3 sanciones para las empresas que intenten explotar recursos en las inmediaciones del archipi\u00e9lago y comunic\u00f3 la construcci\u00f3n de una base naval en Tierra del Fuego. \u201cLas Malvinas no pertenece a un gobierno ni a un partido pol\u00edtico. Es una causa nacional\u201d, asegur\u00f3.<\/p>\n\n\n\n<p>Por otra parte, el presidente expres\u00f3: \u201cDefender nuestra soberan\u00eda requiere pensar en las pr\u00f3ximas generaciones y no solamente en la pr\u00f3xima elecci\u00f3n\u201d<\/p>\n\n\n\n<p>\u201cPara eso, la Argentina necesita recuperar su capacidad de pensar estrat\u00e9gicamente, fortalecer a sus Fuerzas Armadas y construir una verdadera pol\u00edtica de seguridad nacional de largo plazo\u201d, dijo Milei en este pasaje de la cadena nacional.<\/p>\n\n\n\n<p>\u201cLa seguridad nacional no es solamente la defensa f\u00edsica de nuestro territorio. Tambi\u00e9n significa proteger nuestros recursos estrat\u00e9gicos, nuestra econom\u00eda, nuestra infraestructura cr\u00edtica y nuestra capacidad de decidir nuestro propio futuro\u201d sostuvo Javier Milei.<\/p>\n\n\n\n<p>En este sentido, complet\u00f3: \u201cPor eso, Defensa, Seguridad, Inteligencia, Canciller\u00eda y Econom\u00eda deben actuar de manera coordinada. Una Argentina pr\u00f3spera, pol\u00edticamente relevante y militarmente respetable est\u00e1 en mejores condiciones de defender su territorio, sus recursos y su soberan\u00eda\u201d.<\/p>\n<div class=\"fb-background-color\">\n\t\t\t  <div \n\t\t\t  \tclass = \"fb-comments\" \n\t\t\t  \tdata-href = \"https:\/\/www.elpolitologoyelpolitico.com.ar\/wordpress\/2026\/09\/03\/las-islas-malvinas-son-argentinas-no-hay-discusion-al-respecto-javier-milei\/\"\n\t\t\t  \tdata-numposts = \"10\"\n\t\t\t  \tdata-lazy = \"true\"\n\t\t\t\tdata-colorscheme = \"light\"\n\t\t\t\tdata-order-by = \"social\"\n\t\t\t\tdata-mobile=true>\n\t\t\t  <\/div><\/div>\n\t\t  <style>\n\t\t    .fb-background-color {\n\t\t\t\tbackground: #ffffff !important;\n\t\t\t}\n\t\t\t.fb_iframe_widget_fluid_desktop iframe {\n\t\t\t    width: 100% !important;\n\t\t\t}\n\t\t  <\/style>\n\t\t  ","protected":false},"excerpt":{"rendered":"<p>A trav\u00e9s de una cadena nacional y acompa\u00f1ado por todo el Gabinete, el Presidente dijo que enviar\u00e1 un paquete de proyectos al Congreso con el fin de resguardar la soberan\u00eda en las Islas. \u201cSon argentinas por historia y por derecho, no hay discusi\u00f3n al respecto\u201d, resalt\u00f3 el jefe de Estado al iniciar su comunicado. \u201cLas [&hellip;]<\/p>\n","protected":false},"author":4,"featured_media":47463,"comment_status":"closed","ping_status":"closed","sticky":false,"template":"","format":"standard","meta":{"_joinchat":[],"footnotes":""},"categories":[39],"tags":[],"class_list":["post-47462","post","type-post","status-publish","format-standard","has-post-thumbnail","hentry","category-en-esta-seccion"],"_links":{"self":[{"href":"https:\/\/www.elpolitologoyelpolitico.com.ar\/wordpress\/wp-json\/wp\/v2\/posts\/47462","targetHints":{"allow":["GET"]}}],"collection":[{"href":"https:\/\/www.elpolitologoyelpolitico.com.ar\/wordpress\/wp-json\/wp\/v2\/posts"}],"about":[{"href":"https:\/\/www.elpolitologoyelpolitico.com.ar\/wordpress\/wp-json\/wp\/v2\/types\/post"}],"author":[{"embeddable":true,"href":"https:\/\/www.elpolitologoyelpolitico.com.ar\/wordpress\/wp-json\/wp\/v2\/users\/4"}],"replies":[{"embeddable":true,"href":"https:\/\/www.elpolitologoyelpolitico.com.ar\/wordpress\/wp-json\/wp\/v2\/comments?post=47462"}],"version-history":[{"count":1,"href":"https:\/\/www.elpolitologoyelpolitico.com.ar\/wordpress\/wp-json\/wp\/v2\/posts\/47462\/revisions"}],"predecessor-version":[{"id":47464,"href":"https:\/\/www.elpolitologoyelpolitico.com.ar\/wordpress\/wp-json\/wp\/v2\/posts\/47462\/revisions\/47464"}],"wp:featuredmedia":[{"embeddable":true,"href":"https:\/\/www.elpolitologoyelpolitico.com.ar\/wordpress\/wp-json\/wp\/v2\/media\/47463"}],"wp:attachment":[{"href":"https:\/\/www.elpolitologoyelpolitico.com.ar\/wordpress\/wp-json\/wp\/v2\/media?parent=47462"}],"wp:term":[{"taxonomy":"category","embeddable":true,"href":"https:\/\/www.elpolitologoyelpolitico.com.ar\/wordpress\/wp-json\/wp\/v2\/categories?post=47462"},{"taxonomy":"post_tag","embeddable":true,"href":"https:\/\/www.elpolitologoyelpolitico.com.ar\/wordpress\/wp-json\/wp\/v2\/tags?post=47462"}],"curies":[{"name":"wp","href":"https:\/\/api.w.org\/{rel}","templated":true}]}}