{"id":47448,"date":"2026-09-03T23:24:27","date_gmt":"2026-09-04T02:24:27","guid":{"rendered":"https:\/\/www.elpolitologoyelpolitico.com.ar\/wordpress\/?p=47448"},"modified":"2026-09-03T23:24:29","modified_gmt":"2026-09-04T02:24:29","slug":"preocupacion-de-los-vecinos-en-villa-morando-no-tenemos-iluminacion-y-enfrente-tenemos-el-periferico-es-un-peligro","status":"publish","type":"post","link":"https:\/\/www.elpolitologoyelpolitico.com.ar\/wordpress\/2026\/09\/03\/preocupacion-de-los-vecinos-en-villa-morando-no-tenemos-iluminacion-y-enfrente-tenemos-el-periferico-es-un-peligro\/","title":{"rendered":"Preocupaci\u00f3n de los vecinos en Villa Morando: \u00abNo tenemos iluminaci\u00f3n y enfrente tenemos el perif\u00e9rico, es un peligro\u00bb"},"content":{"rendered":"\n<p>Vecinos del barrio Villa Morando manifestaron su malestar e inquietud ante la falta de respuesta municipal por una l\u00e1mpara del alumbrado p\u00fablico que se encuentra quemada desde hace m\u00e1s de un mes. La falla deja en total oscuridad un sector clave del barrio, generando preocupaci\u00f3n por la seguridad en la zona.<\/p>\n\n\n\n<p>El problema se concentra de manera puntual en la intersecci\u00f3n de las calles <strong>Bigu\u00e1 y \u00c1ngel Pacheco<\/strong>. Seg\u00fan explicaron los frentistas, la falta de iluminaci\u00f3n es particularmente sensible por encontrarse justo enfrente del centro de salud (perif\u00e9rico) del barrio, espacio donde durante las horas de la noche suelen congregarse grupos de personas, lo que incrementa el temor de quienes transitan por el lugar.<\/p>\n\n\n\n<p><strong>Falta de respuestas<\/strong><\/p>\n\n\n\n<p>Una de las residentes del sector expres\u00f3 el malestar generalizado que existe entre las familias del barrio:<\/p>\n\n\n\n<blockquote class=\"wp-block-quote is-layout-flow wp-block-quote-is-layout-flow\">\n<p>\u00ab<em>Hace m\u00e1s de un mes que tenemos esa l\u00e1mpara quemada. Llamo al corral\u00f3n todas las semanas y nada, sigue toda esa esquina oscura. Enfrente tenemos el perif\u00e9rico donde a la noche se junta gente peligrosa. Hablo en representaci\u00f3n de todos los vecinos que estamos muy molestos con este tema.\u00bb<\/em><\/p>\n<\/blockquote>\n\n\n\n<p>Pese a los reiterados reclamos telef\u00f3nicos realizados al \u00e1rea de Servicios del Municipio (corral\u00f3n), hasta el momento no se ha enviado una cuadrilla para solucionar el desperfecto. Los vecinos solicitan una pronta intervenci\u00f3n de las autoridades locales para reponer la luz y devolver la tranquilidad al barrio.<\/p>\n<div class=\"fb-background-color\">\n\t\t\t  <div \n\t\t\t  \tclass = \"fb-comments\" \n\t\t\t  \tdata-href = \"https:\/\/www.elpolitologoyelpolitico.com.ar\/wordpress\/2026\/09\/03\/preocupacion-de-los-vecinos-en-villa-morando-no-tenemos-iluminacion-y-enfrente-tenemos-el-periferico-es-un-peligro\/\"\n\t\t\t  \tdata-numposts = \"10\"\n\t\t\t  \tdata-lazy = \"true\"\n\t\t\t\tdata-colorscheme = \"light\"\n\t\t\t\tdata-order-by = \"social\"\n\t\t\t\tdata-mobile=true>\n\t\t\t  <\/div><\/div>\n\t\t  <style>\n\t\t    .fb-background-color {\n\t\t\t\tbackground: #ffffff !important;\n\t\t\t}\n\t\t\t.fb_iframe_widget_fluid_desktop iframe {\n\t\t\t    width: 100% !important;\n\t\t\t}\n\t\t  <\/style>\n\t\t  ","protected":false},"excerpt":{"rendered":"<p>Vecinos del barrio Villa Morando manifestaron su malestar e inquietud ante la falta de respuesta municipal por una l\u00e1mpara del alumbrado p\u00fablico que se encuentra quemada desde hace m\u00e1s de un mes. La falla deja en total oscuridad un sector clave del barrio, generando preocupaci\u00f3n por la seguridad en la zona. El problema se concentra [&hellip;]<\/p>\n","protected":false},"author":4,"featured_media":47449,"comment_status":"closed","ping_status":"closed","sticky":false,"template":"","format":"standard","meta":{"_joinchat":[],"footnotes":""},"categories":[39],"tags":[],"class_list":["post-47448","post","type-post","status-publish","format-standard","has-post-thumbnail","hentry","category-en-esta-seccion"],"_links":{"self":[{"href":"https:\/\/www.elpolitologoyelpolitico.com.ar\/wordpress\/wp-json\/wp\/v2\/posts\/47448","targetHints":{"allow":["GET"]}}],"collection":[{"href":"https:\/\/www.elpolitologoyelpolitico.com.ar\/wordpress\/wp-json\/wp\/v2\/posts"}],"about":[{"href":"https:\/\/www.elpolitologoyelpolitico.com.ar\/wordpress\/wp-json\/wp\/v2\/types\/post"}],"author":[{"embeddable":true,"href":"https:\/\/www.elpolitologoyelpolitico.com.ar\/wordpress\/wp-json\/wp\/v2\/users\/4"}],"replies":[{"embeddable":true,"href":"https:\/\/www.elpolitologoyelpolitico.com.ar\/wordpress\/wp-json\/wp\/v2\/comments?post=47448"}],"version-history":[{"count":2,"href":"https:\/\/www.elpolitologoyelpolitico.com.ar\/wordpress\/wp-json\/wp\/v2\/posts\/47448\/revisions"}],"predecessor-version":[{"id":47451,"href":"https:\/\/www.elpolitologoyelpolitico.com.ar\/wordpress\/wp-json\/wp\/v2\/posts\/47448\/revisions\/47451"}],"wp:featuredmedia":[{"embeddable":true,"href":"https:\/\/www.elpolitologoyelpolitico.com.ar\/wordpress\/wp-json\/wp\/v2\/media\/47449"}],"wp:attachment":[{"href":"https:\/\/www.elpolitologoyelpolitico.com.ar\/wordpress\/wp-json\/wp\/v2\/media?parent=47448"}],"wp:term":[{"taxonomy":"category","embeddable":true,"href":"https:\/\/www.elpolitologoyelpolitico.com.ar\/wordpress\/wp-json\/wp\/v2\/categories?post=47448"},{"taxonomy":"post_tag","embeddable":true,"href":"https:\/\/www.elpolitologoyelpolitico.com.ar\/wordpress\/wp-json\/wp\/v2\/tags?post=47448"}],"curies":[{"name":"wp","href":"https:\/\/api.w.org\/{rel}","templated":true}]}}