{"id":47445,"date":"2026-09-02T23:02:12","date_gmt":"2026-09-03T02:02:12","guid":{"rendered":"https:\/\/www.elpolitologoyelpolitico.com.ar\/wordpress\/?p=47445"},"modified":"2026-09-02T23:02:13","modified_gmt":"2026-09-03T02:02:13","slug":"el-concejo-deliberante-continua-con-la-sesion-que-comenzo-a-las-10-de-la-manana","status":"publish","type":"post","link":"https:\/\/www.elpolitologoyelpolitico.com.ar\/wordpress\/2026\/09\/02\/el-concejo-deliberante-continua-con-la-sesion-que-comenzo-a-las-10-de-la-manana\/","title":{"rendered":"El Concejo Deliberante contin\u00faa con la sesi\u00f3n que comenz\u00f3 a  las 10 de la ma\u00f1ana"},"content":{"rendered":"\n<p>El Honorable Concejo Deliberante de Patagones contin\u00faa sesionando este mi\u00e9rcoles 2 de septiembre. <\/p>\n\n\n\n<p>Si bien hubo cuarto intermedio en varias oportunidades, los concejales est\u00e1n hace 12 horas en el recinto debatiendo distintos proyectos que se encuentran en el temario. <\/p>\n\n\n\n<p>En su momento, algunos ediles criticaron que las sesiones son muy largas y sugirieron la necesidad de reformar el reglamento interno del cuerpo legislativo para agilizar las sesiones y optimizar el tiempo de debate.<\/p>\n<div class=\"fb-background-color\">\n\t\t\t  <div \n\t\t\t  \tclass = \"fb-comments\" \n\t\t\t  \tdata-href = \"https:\/\/www.elpolitologoyelpolitico.com.ar\/wordpress\/2026\/09\/02\/el-concejo-deliberante-continua-con-la-sesion-que-comenzo-a-las-10-de-la-manana\/\"\n\t\t\t  \tdata-numposts = \"10\"\n\t\t\t  \tdata-lazy = \"true\"\n\t\t\t\tdata-colorscheme = \"light\"\n\t\t\t\tdata-order-by = \"social\"\n\t\t\t\tdata-mobile=true>\n\t\t\t  <\/div><\/div>\n\t\t  <style>\n\t\t    .fb-background-color {\n\t\t\t\tbackground: #ffffff !important;\n\t\t\t}\n\t\t\t.fb_iframe_widget_fluid_desktop iframe {\n\t\t\t    width: 100% !important;\n\t\t\t}\n\t\t  <\/style>\n\t\t  ","protected":false},"excerpt":{"rendered":"<p>El Honorable Concejo Deliberante de Patagones contin\u00faa sesionando este mi\u00e9rcoles 2 de septiembre. Si bien hubo cuarto intermedio en varias oportunidades, los concejales est\u00e1n hace 12 horas en el recinto debatiendo distintos proyectos que se encuentran en el temario. En su momento, algunos ediles criticaron que las sesiones son muy largas y sugirieron la necesidad [&hellip;]<\/p>\n","protected":false},"author":4,"featured_media":47446,"comment_status":"closed","ping_status":"closed","sticky":false,"template":"","format":"standard","meta":{"_joinchat":[],"footnotes":""},"categories":[39],"tags":[],"class_list":["post-47445","post","type-post","status-publish","format-standard","has-post-thumbnail","hentry","category-en-esta-seccion"],"_links":{"self":[{"href":"https:\/\/www.elpolitologoyelpolitico.com.ar\/wordpress\/wp-json\/wp\/v2\/posts\/47445","targetHints":{"allow":["GET"]}}],"collection":[{"href":"https:\/\/www.elpolitologoyelpolitico.com.ar\/wordpress\/wp-json\/wp\/v2\/posts"}],"about":[{"href":"https:\/\/www.elpolitologoyelpolitico.com.ar\/wordpress\/wp-json\/wp\/v2\/types\/post"}],"author":[{"embeddable":true,"href":"https:\/\/www.elpolitologoyelpolitico.com.ar\/wordpress\/wp-json\/wp\/v2\/users\/4"}],"replies":[{"embeddable":true,"href":"https:\/\/www.elpolitologoyelpolitico.com.ar\/wordpress\/wp-json\/wp\/v2\/comments?post=47445"}],"version-history":[{"count":1,"href":"https:\/\/www.elpolitologoyelpolitico.com.ar\/wordpress\/wp-json\/wp\/v2\/posts\/47445\/revisions"}],"predecessor-version":[{"id":47447,"href":"https:\/\/www.elpolitologoyelpolitico.com.ar\/wordpress\/wp-json\/wp\/v2\/posts\/47445\/revisions\/47447"}],"wp:featuredmedia":[{"embeddable":true,"href":"https:\/\/www.elpolitologoyelpolitico.com.ar\/wordpress\/wp-json\/wp\/v2\/media\/47446"}],"wp:attachment":[{"href":"https:\/\/www.elpolitologoyelpolitico.com.ar\/wordpress\/wp-json\/wp\/v2\/media?parent=47445"}],"wp:term":[{"taxonomy":"category","embeddable":true,"href":"https:\/\/www.elpolitologoyelpolitico.com.ar\/wordpress\/wp-json\/wp\/v2\/categories?post=47445"},{"taxonomy":"post_tag","embeddable":true,"href":"https:\/\/www.elpolitologoyelpolitico.com.ar\/wordpress\/wp-json\/wp\/v2\/tags?post=47445"}],"curies":[{"name":"wp","href":"https:\/\/api.w.org\/{rel}","templated":true}]}}