{"id":47441,"date":"2026-09-02T22:39:30","date_gmt":"2026-09-03T01:39:30","guid":{"rendered":"https:\/\/www.elpolitologoyelpolitico.com.ar\/wordpress\/?p=47441"},"modified":"2026-09-02T22:41:52","modified_gmt":"2026-09-03T01:41:52","slug":"el-ice-difundio-nueva-informacion-sobre-la-situacion-de-reverter-el-principal-sospechoso-por-la-muerte-de-agostina-jalabert","status":"publish","type":"post","link":"https:\/\/www.elpolitologoyelpolitico.com.ar\/wordpress\/2026\/09\/02\/el-ice-difundio-nueva-informacion-sobre-la-situacion-de-reverter-el-principal-sospechoso-por-la-muerte-de-agostina-jalabert\/","title":{"rendered":"El ICE difundi\u00f3 nueva informaci\u00f3n sobre\u00a0la situaci\u00f3n de Reverter, el principal sospechoso por la muerte de\u00a0Agostina Jalabert"},"content":{"rendered":"\n<p>El Servicio de Inmigraci\u00f3n y Control de Aduanas de Estados Unidos (<strong>ICE<\/strong>) difundi\u00f3 el martes nueva informaci\u00f3n sobre\u00a0la situaci\u00f3n de Juan Manuel Reverter, se\u00f1alado como principal sospechoso por la muerte de la modelo argentina\u00a0Agostina Jalabert\u00a0en Playa del Carmen, M\u00e9xico, en 2023.<\/p>\n\n\n\n<p>En ese comunicado, la agencia precis\u00f3 que el argentino de 38 a\u00f1os qued\u00f3 arrestado el 23 de julio en el condado de Deschutes, Oreg\u00f3n, durante un operativo conjunto con alguaciles federales y agentes de Investigaciones de Seguridad Nacional . El mensaje oficial tambi\u00e9n incorpor\u00f3 datos sobre su situaci\u00f3n en Estados Unidos, mientras el detenido espera su extradici\u00f3n a Quintana Roo<\/p>\n\n\n\n<p>Seg\u00fan la informaci\u00f3n que\u00a0<strong>ICE<\/strong>\u00a0difundi\u00f3 en su cuenta de X,<strong>\u00a0Reverter<\/strong>\u00a0hab\u00eda ingresado legalmente al pa\u00eds en agosto de 2024 con una visa de turista que lo autorizaba a permanecer hasta seis meses, pero continu\u00f3 en territorio estadounidense m\u00e1s all\u00e1 del plazo autorizado.<\/p>\n\n\n\n<p>El comunicado no precis\u00f3 si, al entrar a Estados Unidos, Reverter ya ten\u00eda una orden de captura dictada por la justicia mexicana, un punto que permanece sin aclaraci\u00f3n oficial hasta el momento. ICE lo describi\u00f3 como un<strong>\u00a0\u201cinmigrante ilegal argentino buscado por asesinato\u201d<\/strong>\u00a0en referencia directa al caso.<\/p>\n\n\n\n<p>Tras la detenci\u00f3n, la posibilidad de su traslado a\u00a0Quintana Roo, estado mexicano donde tramita la causa por\u00a0el asesinato de Jalabert, qued\u00f3 atada a la evoluci\u00f3n de los tr\u00e1mites migratorios y judiciales en Estados Unidos y M\u00e9xico.<\/p>\n\n\n\n<h2 class=\"wp-block-heading\" id=\"el-peritaje-independiente-y-los-indicios-que-reforzaron-la-hipotesis-de-femicidio\">El peritaje independiente y los indicios que reforzaron la hip\u00f3tesis de femicidio<\/h2>\n\n\n\n<p>Seg\u00fan el\u00a0informe pericial de parte y la denuncia formal presentada ante la Fiscal\u00eda General del Estado de Quintana Roo, la desconfianza de la familia de la v\u00edctima en la investigaci\u00f3n oficial los llev\u00f3 a impulsar un an\u00e1lisis forense independiente, cuyos resultados reforzaron la hip\u00f3tesis de<strong>\u00a0<\/strong>femicidio<strong>.<\/strong><\/p>\n\n\n\n<p>De acuerdo con las<strong>\u00a0<\/strong>conclusiones firmadas por el perito m\u00e9dico legista de la querella, el documento acredit\u00f3 la presencia de golpes, quemaduras de cigarrillo en el cuerpo y lesiones que el profesional interpret\u00f3 como signos de tortura y agresi\u00f3n sexual. <em>\u201cNunca vi que una persona se suicide por ahorcadura teniendo apoyo en el piso\u201d<\/em>, dictamin\u00f3 de forma categ\u00f3rica el experto en el peritaje incorporado al expediente de la causa.<\/p>\n\n\n\n<p>Con esos antecedentes, la familia present\u00f3 una denuncia ante el Ministerio P\u00fablico contra funcionarios de la\u00a0Fiscal\u00eda de Quintana Roo\u00a0por presunta negligencia en la investigaci\u00f3n. El escrito sostiene que <em>\u201clos funcionarios intervinientes hicieron todo lo contrario a lo que aconsejan los protocolos. Encontraron un cad\u00e1ver y dos personas, no procediendo como ante un femicidio\u201d.<\/em><\/p>\n\n\n\n<figure class=\"wp-block-image size-full\"><img fetchpriority=\"high\" decoding=\"async\" width=\"992\" height=\"558\" src=\"https:\/\/www.elpolitologoyelpolitico.com.ar\/wp-content\/uploads\/2026\/09\/image-2.png\" alt=\"\" class=\"wp-image-47442\" srcset=\"https:\/\/www.elpolitologoyelpolitico.com.ar\/wp-content\/uploads\/2026\/09\/image-2.png 992w, https:\/\/www.elpolitologoyelpolitico.com.ar\/wp-content\/uploads\/2026\/09\/image-2-300x169.png 300w, https:\/\/www.elpolitologoyelpolitico.com.ar\/wp-content\/uploads\/2026\/09\/image-2-768x432.png 768w\" sizes=\"(max-width: 992px) 100vw, 992px\" \/><\/figure>\n<div class=\"fb-background-color\">\n\t\t\t  <div \n\t\t\t  \tclass = \"fb-comments\" \n\t\t\t  \tdata-href = \"https:\/\/www.elpolitologoyelpolitico.com.ar\/wordpress\/2026\/09\/02\/el-ice-difundio-nueva-informacion-sobre-la-situacion-de-reverter-el-principal-sospechoso-por-la-muerte-de-agostina-jalabert\/\"\n\t\t\t  \tdata-numposts = \"10\"\n\t\t\t  \tdata-lazy = \"true\"\n\t\t\t\tdata-colorscheme = \"light\"\n\t\t\t\tdata-order-by = \"social\"\n\t\t\t\tdata-mobile=true>\n\t\t\t  <\/div><\/div>\n\t\t  <style>\n\t\t    .fb-background-color {\n\t\t\t\tbackground: #ffffff !important;\n\t\t\t}\n\t\t\t.fb_iframe_widget_fluid_desktop iframe {\n\t\t\t    width: 100% !important;\n\t\t\t}\n\t\t  <\/style>\n\t\t  ","protected":false},"excerpt":{"rendered":"<p>El Servicio de Inmigraci\u00f3n y Control de Aduanas de Estados Unidos (ICE) difundi\u00f3 el martes nueva informaci\u00f3n sobre\u00a0la situaci\u00f3n de Juan Manuel Reverter, se\u00f1alado como principal sospechoso por la muerte de la modelo argentina\u00a0Agostina Jalabert\u00a0en Playa del Carmen, M\u00e9xico, en 2023. En ese comunicado, la agencia precis\u00f3 que el argentino de 38 a\u00f1os qued\u00f3 arrestado [&hellip;]<\/p>\n","protected":false},"author":4,"featured_media":47443,"comment_status":"closed","ping_status":"closed","sticky":false,"template":"","format":"standard","meta":{"_joinchat":[],"footnotes":""},"categories":[39],"tags":[],"class_list":["post-47441","post","type-post","status-publish","format-standard","has-post-thumbnail","hentry","category-en-esta-seccion"],"_links":{"self":[{"href":"https:\/\/www.elpolitologoyelpolitico.com.ar\/wordpress\/wp-json\/wp\/v2\/posts\/47441","targetHints":{"allow":["GET"]}}],"collection":[{"href":"https:\/\/www.elpolitologoyelpolitico.com.ar\/wordpress\/wp-json\/wp\/v2\/posts"}],"about":[{"href":"https:\/\/www.elpolitologoyelpolitico.com.ar\/wordpress\/wp-json\/wp\/v2\/types\/post"}],"author":[{"embeddable":true,"href":"https:\/\/www.elpolitologoyelpolitico.com.ar\/wordpress\/wp-json\/wp\/v2\/users\/4"}],"replies":[{"embeddable":true,"href":"https:\/\/www.elpolitologoyelpolitico.com.ar\/wordpress\/wp-json\/wp\/v2\/comments?post=47441"}],"version-history":[{"count":1,"href":"https:\/\/www.elpolitologoyelpolitico.com.ar\/wordpress\/wp-json\/wp\/v2\/posts\/47441\/revisions"}],"predecessor-version":[{"id":47444,"href":"https:\/\/www.elpolitologoyelpolitico.com.ar\/wordpress\/wp-json\/wp\/v2\/posts\/47441\/revisions\/47444"}],"wp:featuredmedia":[{"embeddable":true,"href":"https:\/\/www.elpolitologoyelpolitico.com.ar\/wordpress\/wp-json\/wp\/v2\/media\/47443"}],"wp:attachment":[{"href":"https:\/\/www.elpolitologoyelpolitico.com.ar\/wordpress\/wp-json\/wp\/v2\/media?parent=47441"}],"wp:term":[{"taxonomy":"category","embeddable":true,"href":"https:\/\/www.elpolitologoyelpolitico.com.ar\/wordpress\/wp-json\/wp\/v2\/categories?post=47441"},{"taxonomy":"post_tag","embeddable":true,"href":"https:\/\/www.elpolitologoyelpolitico.com.ar\/wordpress\/wp-json\/wp\/v2\/tags?post=47441"}],"curies":[{"name":"wp","href":"https:\/\/api.w.org\/{rel}","templated":true}]}}