{"id":47437,"date":"2026-09-02T22:44:52","date_gmt":"2026-09-03T01:44:52","guid":{"rendered":"https:\/\/www.elpolitologoyelpolitico.com.ar\/wordpress\/?p=47437"},"modified":"2026-09-02T22:44:53","modified_gmt":"2026-09-03T01:44:53","slug":"se-quiebra-el-bloque-alla-y-nace-la-bancada-del-pro","status":"publish","type":"post","link":"https:\/\/www.elpolitologoyelpolitico.com.ar\/wordpress\/2026\/09\/02\/se-quiebra-el-bloque-alla-y-nace-la-bancada-del-pro\/","title":{"rendered":"Se quiebra el bloque ALLA y nace la bancada del PRO"},"content":{"rendered":"\n<p>El Honorable Concejo Deliberante de Carmen de Patagones atraviesa un nuevo episodio de fragmentaci\u00f3n pol\u00edtica tras la ruptura de la bancada Alianza La Libertad Avanza (ALLA). Las ediles Jorgelina Castronovo y Romina Colombi oficializaron su salida del espacio libertario para conformar una nueva representaci\u00f3n legislativa bajo la denominaci\u00f3n de <strong>Bloque PRO<\/strong>.<\/p>\n\n\n\n<p>La decisi\u00f3n rest\u00f3 dos bancadas al espacio de La Libertad Avanza en el recinto local y profundiz\u00f3 la atomizaci\u00f3n de las fuerzas pol\u00edticas en el distrito. Con esta reconfiguraci\u00f3n, el cuerpo deliberativo, integrado por 16 concejales, pas\u00f3 a estar dividido en un total de siete bloques, marcando un mapa legislativo de alta dispersi\u00f3n.<\/p>\n\n\n\n<p>Tras estas recientes modificaciones y rupturas en los espacios pol\u00edticos, el cuerpo legislativo queda compuesto de la siguiente manera: <\/p>\n\n\n\n<p>Bloque Fuerza Patria: Am\u00edlcar Safe, Cecilia Gorosito, Samantha Presa, Santiago Dalmau, Roc\u00edo Sgaravato, Gustavo Kucich y H\u00e9ctor Garrido.<\/p>\n\n\n\n<p>Bloque La Libertad Avanza: Lorena Cecchini, Luciano Principe<\/p>\n\n\n\n<p>Bloque Pro: Jorgelina Castronovo y Romina Colombi<\/p>\n\n\n\n<p>Bloque UCR: Dolores Patan\u00e9 y Marco Tripodi<\/p>\n\n\n\n<p>Bloque Patagonia Bonarense: Ricardo Angos<\/p>\n\n\n\n<p>Bloque Uni\u00f3n y Libertad: David Rapanelli<\/p>\n\n\n\n<p>Bloque Nuevos Aires: Roberto Martinez<\/p>\n\n\n\n<p><\/p>\n\n\n\n<p><\/p>\n<div class=\"fb-background-color\">\n\t\t\t  <div \n\t\t\t  \tclass = \"fb-comments\" \n\t\t\t  \tdata-href = \"https:\/\/www.elpolitologoyelpolitico.com.ar\/wordpress\/2026\/09\/02\/se-quiebra-el-bloque-alla-y-nace-la-bancada-del-pro\/\"\n\t\t\t  \tdata-numposts = \"10\"\n\t\t\t  \tdata-lazy = \"true\"\n\t\t\t\tdata-colorscheme = \"light\"\n\t\t\t\tdata-order-by = \"social\"\n\t\t\t\tdata-mobile=true>\n\t\t\t  <\/div><\/div>\n\t\t  <style>\n\t\t    .fb-background-color {\n\t\t\t\tbackground: #ffffff !important;\n\t\t\t}\n\t\t\t.fb_iframe_widget_fluid_desktop iframe {\n\t\t\t    width: 100% !important;\n\t\t\t}\n\t\t  <\/style>\n\t\t  ","protected":false},"excerpt":{"rendered":"<p>El Honorable Concejo Deliberante de Carmen de Patagones atraviesa un nuevo episodio de fragmentaci\u00f3n pol\u00edtica tras la ruptura de la bancada Alianza La Libertad Avanza (ALLA). Las ediles Jorgelina Castronovo y Romina Colombi oficializaron su salida del espacio libertario para conformar una nueva representaci\u00f3n legislativa bajo la denominaci\u00f3n de Bloque PRO. La decisi\u00f3n rest\u00f3 dos [&hellip;]<\/p>\n","protected":false},"author":4,"featured_media":47438,"comment_status":"closed","ping_status":"closed","sticky":false,"template":"","format":"standard","meta":{"_joinchat":[],"footnotes":""},"categories":[39],"tags":[],"class_list":["post-47437","post","type-post","status-publish","format-standard","has-post-thumbnail","hentry","category-en-esta-seccion"],"_links":{"self":[{"href":"https:\/\/www.elpolitologoyelpolitico.com.ar\/wordpress\/wp-json\/wp\/v2\/posts\/47437","targetHints":{"allow":["GET"]}}],"collection":[{"href":"https:\/\/www.elpolitologoyelpolitico.com.ar\/wordpress\/wp-json\/wp\/v2\/posts"}],"about":[{"href":"https:\/\/www.elpolitologoyelpolitico.com.ar\/wordpress\/wp-json\/wp\/v2\/types\/post"}],"author":[{"embeddable":true,"href":"https:\/\/www.elpolitologoyelpolitico.com.ar\/wordpress\/wp-json\/wp\/v2\/users\/4"}],"replies":[{"embeddable":true,"href":"https:\/\/www.elpolitologoyelpolitico.com.ar\/wordpress\/wp-json\/wp\/v2\/comments?post=47437"}],"version-history":[{"count":2,"href":"https:\/\/www.elpolitologoyelpolitico.com.ar\/wordpress\/wp-json\/wp\/v2\/posts\/47437\/revisions"}],"predecessor-version":[{"id":47440,"href":"https:\/\/www.elpolitologoyelpolitico.com.ar\/wordpress\/wp-json\/wp\/v2\/posts\/47437\/revisions\/47440"}],"wp:featuredmedia":[{"embeddable":true,"href":"https:\/\/www.elpolitologoyelpolitico.com.ar\/wordpress\/wp-json\/wp\/v2\/media\/47438"}],"wp:attachment":[{"href":"https:\/\/www.elpolitologoyelpolitico.com.ar\/wordpress\/wp-json\/wp\/v2\/media?parent=47437"}],"wp:term":[{"taxonomy":"category","embeddable":true,"href":"https:\/\/www.elpolitologoyelpolitico.com.ar\/wordpress\/wp-json\/wp\/v2\/categories?post=47437"},{"taxonomy":"post_tag","embeddable":true,"href":"https:\/\/www.elpolitologoyelpolitico.com.ar\/wordpress\/wp-json\/wp\/v2\/tags?post=47437"}],"curies":[{"name":"wp","href":"https:\/\/api.w.org\/{rel}","templated":true}]}}