{"id":47430,"date":"2026-09-02T18:48:10","date_gmt":"2026-09-02T21:48:10","guid":{"rendered":"https:\/\/www.elpolitologoyelpolitico.com.ar\/wordpress\/?p=47430"},"modified":"2026-09-02T18:48:12","modified_gmt":"2026-09-02T21:48:12","slug":"tarifa-social-federal-en-la-tarjeta-sube-como-acceder-al-55-de-descuento-en-el-transporte-publico","status":"publish","type":"post","link":"https:\/\/www.elpolitologoyelpolitico.com.ar\/wordpress\/2026\/09\/02\/tarifa-social-federal-en-la-tarjeta-sube-como-acceder-al-55-de-descuento-en-el-transporte-publico\/","title":{"rendered":"Tarifa Social Federal en la tarjeta SUBE: c\u00f3mo acceder al 55% de descuento en el transporte p\u00fablico"},"content":{"rendered":"\n<p>Los usuarios de transporte p\u00fablico que perciben prestaciones sociales, jubilaciones o asignaciones del Estado pueden acceder a la <strong>Tarifa Social Federal<\/strong>, un beneficio que otorga un <strong>55% de descuento<\/strong> en los pasajes abonados mediante la tarjeta SUBE.<\/p>\n\n\n\n<p><strong>\u00bfA qui\u00e9nes les corresponde?<\/strong><\/p>\n\n\n\n<p>El descuento est\u00e1 dirigido a los siguientes grupos de beneficiarios:<\/p>\n\n\n\n<ul class=\"wp-block-list\">\n<li>Jubilados y pensionados.<\/li>\n\n\n\n<li>Estudiantes del programa PROGRESAR.<\/li>\n\n\n\n<li>Personal de casas particulares.<\/li>\n\n\n\n<li>Veteranos de la Guerra de Malvinas.<\/li>\n\n\n\n<li>Asignaci\u00f3n Universal por Hijo (AUH) y Asignaci\u00f3n por Embarazo (AxE).<\/li>\n\n\n\n<li>Prestaci\u00f3n por Desempleo.<\/li>\n\n\n\n<li>Programas Fomentar Empleo y Acompa\u00f1amiento Social.<\/li>\n\n\n\n<li>Pensiones No Contributivas.<\/li>\n\n\n\n<li>Monotributistas Sociales inscriptos en el REDLES.<\/li>\n<\/ul>\n\n\n\n<p><strong>Requisitos y documentaci\u00f3n necesaria<\/strong><\/p>\n\n\n\n<p>Para realizar la gesti\u00f3n solo se requiere contar con el <strong>DNI<\/strong> y la <strong>tarjeta SUBE<\/strong> registrada o a registrar a nombre del titular.<\/p>\n\n\n\n<p><strong>Paso a paso para realizar el tr\u00e1mite<\/strong><\/p>\n\n\n\n<p>La gesti\u00f3n se puede iniciar de forma virtual a trav\u00e9s de la plataforma o la app <strong>mi ANSES<\/strong>, o de manera presencial en un Centro de Atenci\u00f3n SUBE u oficinas de ANSES.<\/p>\n\n\n\n<ol start=\"1\" class=\"wp-block-list\">\n<li><strong>Generaci\u00f3n del PIN SUBE:<\/strong> Ingresar a mi ANSES con CUIL y Clave de la Seguridad Social. Ir a la secci\u00f3n <em>Programas y beneficios<\/em>, seleccionar <em>Generar PIN SUBE<\/em> y presionar la opci\u00f3n para crear el c\u00f3digo de 6 d\u00edgitos que vincular\u00e1 la tarjeta.<\/li>\n\n\n\n<li><strong>Activaci\u00f3n del beneficio:<\/strong> Para dar de alta el descuento, se debe apoyar la tarjeta en una Terminal Autom\u00e1tica SUBE (TAS).<\/li>\n<\/ol>\n\n\n\n<p>Quienes prefieran hacer el tr\u00e1mite de forma presencial pueden dirigirse sin turno previo con su DNI y tarjeta SUBE a cualquier oficina de ANSES o Centro de Atenci\u00f3n SUBE.<\/p>\n\n\n\n<figure class=\"wp-block-image size-large\"><img fetchpriority=\"high\" decoding=\"async\" width=\"1024\" height=\"896\" src=\"https:\/\/www.elpolitologoyelpolitico.com.ar\/wp-content\/uploads\/2026\/09\/image-1-1024x896.png\" alt=\"\" class=\"wp-image-47433\" srcset=\"https:\/\/www.elpolitologoyelpolitico.com.ar\/wp-content\/uploads\/2026\/09\/image-1-1024x896.png 1024w, https:\/\/www.elpolitologoyelpolitico.com.ar\/wp-content\/uploads\/2026\/09\/image-1-300x263.png 300w, https:\/\/www.elpolitologoyelpolitico.com.ar\/wp-content\/uploads\/2026\/09\/image-1-768x672.png 768w, https:\/\/www.elpolitologoyelpolitico.com.ar\/wp-content\/uploads\/2026\/09\/image-1.png 1200w\" sizes=\"(max-width: 1024px) 100vw, 1024px\" \/><\/figure>\n\n\n\n<p><\/p>\n<div class=\"fb-background-color\">\n\t\t\t  <div \n\t\t\t  \tclass = \"fb-comments\" \n\t\t\t  \tdata-href = \"https:\/\/www.elpolitologoyelpolitico.com.ar\/wordpress\/2026\/09\/02\/tarifa-social-federal-en-la-tarjeta-sube-como-acceder-al-55-de-descuento-en-el-transporte-publico\/\"\n\t\t\t  \tdata-numposts = \"10\"\n\t\t\t  \tdata-lazy = \"true\"\n\t\t\t\tdata-colorscheme = \"light\"\n\t\t\t\tdata-order-by = \"social\"\n\t\t\t\tdata-mobile=true>\n\t\t\t  <\/div><\/div>\n\t\t  <style>\n\t\t    .fb-background-color {\n\t\t\t\tbackground: #ffffff !important;\n\t\t\t}\n\t\t\t.fb_iframe_widget_fluid_desktop iframe {\n\t\t\t    width: 100% !important;\n\t\t\t}\n\t\t  <\/style>\n\t\t  ","protected":false},"excerpt":{"rendered":"<p>Los usuarios de transporte p\u00fablico que perciben prestaciones sociales, jubilaciones o asignaciones del Estado pueden acceder a la Tarifa Social Federal, un beneficio que otorga un 55% de descuento en los pasajes abonados mediante la tarjeta SUBE. \u00bfA qui\u00e9nes les corresponde? El descuento est\u00e1 dirigido a los siguientes grupos de beneficiarios: Requisitos y documentaci\u00f3n necesaria [&hellip;]<\/p>\n","protected":false},"author":4,"featured_media":47431,"comment_status":"closed","ping_status":"closed","sticky":false,"template":"","format":"standard","meta":{"_joinchat":[],"footnotes":""},"categories":[39],"tags":[],"class_list":["post-47430","post","type-post","status-publish","format-standard","has-post-thumbnail","hentry","category-en-esta-seccion"],"_links":{"self":[{"href":"https:\/\/www.elpolitologoyelpolitico.com.ar\/wordpress\/wp-json\/wp\/v2\/posts\/47430","targetHints":{"allow":["GET"]}}],"collection":[{"href":"https:\/\/www.elpolitologoyelpolitico.com.ar\/wordpress\/wp-json\/wp\/v2\/posts"}],"about":[{"href":"https:\/\/www.elpolitologoyelpolitico.com.ar\/wordpress\/wp-json\/wp\/v2\/types\/post"}],"author":[{"embeddable":true,"href":"https:\/\/www.elpolitologoyelpolitico.com.ar\/wordpress\/wp-json\/wp\/v2\/users\/4"}],"replies":[{"embeddable":true,"href":"https:\/\/www.elpolitologoyelpolitico.com.ar\/wordpress\/wp-json\/wp\/v2\/comments?post=47430"}],"version-history":[{"count":2,"href":"https:\/\/www.elpolitologoyelpolitico.com.ar\/wordpress\/wp-json\/wp\/v2\/posts\/47430\/revisions"}],"predecessor-version":[{"id":47434,"href":"https:\/\/www.elpolitologoyelpolitico.com.ar\/wordpress\/wp-json\/wp\/v2\/posts\/47430\/revisions\/47434"}],"wp:featuredmedia":[{"embeddable":true,"href":"https:\/\/www.elpolitologoyelpolitico.com.ar\/wordpress\/wp-json\/wp\/v2\/media\/47431"}],"wp:attachment":[{"href":"https:\/\/www.elpolitologoyelpolitico.com.ar\/wordpress\/wp-json\/wp\/v2\/media?parent=47430"}],"wp:term":[{"taxonomy":"category","embeddable":true,"href":"https:\/\/www.elpolitologoyelpolitico.com.ar\/wordpress\/wp-json\/wp\/v2\/categories?post=47430"},{"taxonomy":"post_tag","embeddable":true,"href":"https:\/\/www.elpolitologoyelpolitico.com.ar\/wordpress\/wp-json\/wp\/v2\/tags?post=47430"}],"curies":[{"name":"wp","href":"https:\/\/api.w.org\/{rel}","templated":true}]}}