{"id":47421,"date":"2026-09-02T18:59:00","date_gmt":"2026-09-02T21:59:00","guid":{"rendered":"https:\/\/www.elpolitologoyelpolitico.com.ar\/wordpress\/?p=47421"},"modified":"2026-09-02T18:59:03","modified_gmt":"2026-09-02T21:59:03","slug":"creciente-ola-de-robos-de-bicicletas-en-patagones-la-historia-de-una-vecina-victima-de-la-inseguridad","status":"publish","type":"post","link":"https:\/\/www.elpolitologoyelpolitico.com.ar\/wordpress\/2026\/09\/02\/creciente-ola-de-robos-de-bicicletas-en-patagones-la-historia-de-una-vecina-victima-de-la-inseguridad\/","title":{"rendered":"Creciente ola de robos de bicicletas en Patagones: la historia de una vecina v\u00edctima de la inseguridad"},"content":{"rendered":"\n<figure class=\"wp-block-audio\"><audio controls src=\"https:\/\/www.elpolitologoyelpolitico.com.ar\/wp-content\/uploads\/2026\/09\/2026-09-02-Karen-Vecina-de-Ptgs-Bicicleta-Robada-1.mp3\"><\/audio><\/figure>\n\n\n\n<p>La problem\u00e1tica de la inseguridad sum\u00f3 un nuevo episodio en Carmen de Patagones. Karen, una vecina de la zona de la costanera, sufri\u00f3 el robo de la bicicleta de su hijo del patio de su vivienda en pleno d\u00eda y en cuesti\u00f3n de minutos.<\/p>\n\n\n\n<p>El hecho ocurri\u00f3 un lunes a las 19:00 horas. Pese a que la familia se encontraba dentro del domicilio, los delincuentes ingresaron al pasillo del patio y se llevaron el rodado. Seg\u00fan relat\u00f3 la v\u00edctima, la bicicleta, una <strong>Rado 29 marca Jif<\/strong>, casi nueva y con poco uso, ten\u00eda ambas ruedas desinfladas porque estaba a la espera de ser reparada. Debido a esto, la principal hip\u00f3tesis es que los autores contaban con un veh\u00edculo de apoyo en las cercan\u00edas para trasladarla.<\/p>\n\n\n\n<p><strong>Detalles claves del hecho:<\/strong><\/p>\n\n\n\n<ul class=\"wp-block-list\">\n<li> A trav\u00e9s de redes sociales, la damnificada recibi\u00f3 datos que indican que el rodado ya habr\u00eda sido cruzado a la vecina localidad de Viedma.<\/li>\n\n\n\n<li> Tras radicar la denuncia en la Comisar\u00eda de Patagones, las autoridades advirtieron sobre los riesgos de adquirir productos de origen il\u00edcito. Quien compre un bien robado puede afrontar una causa penal por encubrimiento.<\/li>\n\n\n\n<li> Karen alert\u00f3 que, tras difundir el caso, recibi\u00f3 mensajes de personas que exig\u00edan dinero o \u00abse\u00f1as\u00bb a cambio de devolver la bicicleta. Al solicitar fotos para verificar la tenencia, los sospechosos cortaron la comunicaci\u00f3n y la bloquearon.<\/li>\n\n\n\n<li> Ante cualquier informaci\u00f3n sobre el paradero del rodado, la vecina solicit\u00f3 comunicarse a trav\u00e9s de la p\u00e1gina de Facebook de su emprendimiento: <strong>bg.fragancias<\/strong>.<\/li>\n<\/ul>\n\n\n\n<p><\/p>\n<div class=\"fb-background-color\">\n\t\t\t  <div \n\t\t\t  \tclass = \"fb-comments\" \n\t\t\t  \tdata-href = \"https:\/\/www.elpolitologoyelpolitico.com.ar\/wordpress\/2026\/09\/02\/creciente-ola-de-robos-de-bicicletas-en-patagones-la-historia-de-una-vecina-victima-de-la-inseguridad\/\"\n\t\t\t  \tdata-numposts = \"10\"\n\t\t\t  \tdata-lazy = \"true\"\n\t\t\t\tdata-colorscheme = \"light\"\n\t\t\t\tdata-order-by = \"social\"\n\t\t\t\tdata-mobile=true>\n\t\t\t  <\/div><\/div>\n\t\t  <style>\n\t\t    .fb-background-color {\n\t\t\t\tbackground: #ffffff !important;\n\t\t\t}\n\t\t\t.fb_iframe_widget_fluid_desktop iframe {\n\t\t\t    width: 100% !important;\n\t\t\t}\n\t\t  <\/style>\n\t\t  ","protected":false},"excerpt":{"rendered":"<p>La problem\u00e1tica de la inseguridad sum\u00f3 un nuevo episodio en Carmen de Patagones. Karen, una vecina de la zona de la costanera, sufri\u00f3 el robo de la bicicleta de su hijo del patio de su vivienda en pleno d\u00eda y en cuesti\u00f3n de minutos. El hecho ocurri\u00f3 un lunes a las 19:00 horas. Pese a [&hellip;]<\/p>\n","protected":false},"author":4,"featured_media":47423,"comment_status":"closed","ping_status":"closed","sticky":false,"template":"","format":"standard","meta":{"_joinchat":[],"footnotes":""},"categories":[39],"tags":[],"class_list":["post-47421","post","type-post","status-publish","format-standard","has-post-thumbnail","hentry","category-en-esta-seccion"],"_links":{"self":[{"href":"https:\/\/www.elpolitologoyelpolitico.com.ar\/wordpress\/wp-json\/wp\/v2\/posts\/47421","targetHints":{"allow":["GET"]}}],"collection":[{"href":"https:\/\/www.elpolitologoyelpolitico.com.ar\/wordpress\/wp-json\/wp\/v2\/posts"}],"about":[{"href":"https:\/\/www.elpolitologoyelpolitico.com.ar\/wordpress\/wp-json\/wp\/v2\/types\/post"}],"author":[{"embeddable":true,"href":"https:\/\/www.elpolitologoyelpolitico.com.ar\/wordpress\/wp-json\/wp\/v2\/users\/4"}],"replies":[{"embeddable":true,"href":"https:\/\/www.elpolitologoyelpolitico.com.ar\/wordpress\/wp-json\/wp\/v2\/comments?post=47421"}],"version-history":[{"count":2,"href":"https:\/\/www.elpolitologoyelpolitico.com.ar\/wordpress\/wp-json\/wp\/v2\/posts\/47421\/revisions"}],"predecessor-version":[{"id":47425,"href":"https:\/\/www.elpolitologoyelpolitico.com.ar\/wordpress\/wp-json\/wp\/v2\/posts\/47421\/revisions\/47425"}],"wp:featuredmedia":[{"embeddable":true,"href":"https:\/\/www.elpolitologoyelpolitico.com.ar\/wordpress\/wp-json\/wp\/v2\/media\/47423"}],"wp:attachment":[{"href":"https:\/\/www.elpolitologoyelpolitico.com.ar\/wordpress\/wp-json\/wp\/v2\/media?parent=47421"}],"wp:term":[{"taxonomy":"category","embeddable":true,"href":"https:\/\/www.elpolitologoyelpolitico.com.ar\/wordpress\/wp-json\/wp\/v2\/categories?post=47421"},{"taxonomy":"post_tag","embeddable":true,"href":"https:\/\/www.elpolitologoyelpolitico.com.ar\/wordpress\/wp-json\/wp\/v2\/tags?post=47421"}],"curies":[{"name":"wp","href":"https:\/\/api.w.org\/{rel}","templated":true}]}}