{"id":47418,"date":"2026-09-02T15:58:13","date_gmt":"2026-09-02T18:58:13","guid":{"rendered":"https:\/\/www.elpolitologoyelpolitico.com.ar\/wordpress\/?p=47418"},"modified":"2026-09-02T15:58:15","modified_gmt":"2026-09-02T18:58:15","slug":"la-alianza-la-libertad-avanza-presento-varios-proyectos-para-la-proxima-sesion-del-hcd","status":"publish","type":"post","link":"https:\/\/www.elpolitologoyelpolitico.com.ar\/wordpress\/2026\/09\/02\/la-alianza-la-libertad-avanza-presento-varios-proyectos-para-la-proxima-sesion-del-hcd\/","title":{"rendered":"La Alianza La Libertad Avanza presento varios proyectos para la pr\u00f3xima sesi\u00f3n del HCD"},"content":{"rendered":"\n<p>La Alianza La Libertad Avanza present\u00f3 varios proyectos para la sesi\u00f3n de este mi\u00e9rcoles 2 de septiembre a las 10hs.<\/p>\n\n\n\n<p>Proyectos presentados:<\/p>\n\n\n\n<ul class=\"wp-block-list\">\n<li>Recuperaci\u00f3n integral del muelle de Los Pocitos<\/li>\n\n\n\n<li>Reconocimiento a Caba\u00f1a JOTACE (Juan A. Pradere)<\/li>\n\n\n\n<li>Calidad del agua en Bah\u00eda San Blas<\/li>\n\n\n\n<li>Repudio a los hechos en la Agencia PAMI de Carmen de Patagones<\/li>\n\n\n\n<li>Salud accesible para nuestros adultos mayores<\/li>\n\n\n\n<li>Ostricultura y glamping en Los Pocitos<\/li>\n\n\n\n<li>Agua: \u00abMenos anuncios, m\u00e1s obras\u00bb (en conjunto con la UCR)<\/li>\n<\/ul>\n\n\n\n<p>Desde el bloque expresaron \u00abNuestro compromiso es seguir recorriendo el distrito, escuchando a las familias, acompa\u00f1ando al sector productivo y trasladando al Concejo Deliberante los reclamos que requieren soluciones urgentes\u00bb<\/p>\n\n\n\n<p>\u00abPatagones necesita planificaci\u00f3n, gesti\u00f3n y obras. Y ante cada oportunidad de desarrollo, requiere tambi\u00e9n un Estado que facilite el camino a quienes buscan producir, invertir y generar empleo\u00bb finalizaron.<\/p>\n<div class=\"fb-background-color\">\n\t\t\t  <div \n\t\t\t  \tclass = \"fb-comments\" \n\t\t\t  \tdata-href = \"https:\/\/www.elpolitologoyelpolitico.com.ar\/wordpress\/2026\/09\/02\/la-alianza-la-libertad-avanza-presento-varios-proyectos-para-la-proxima-sesion-del-hcd\/\"\n\t\t\t  \tdata-numposts = \"10\"\n\t\t\t  \tdata-lazy = \"true\"\n\t\t\t\tdata-colorscheme = \"light\"\n\t\t\t\tdata-order-by = \"social\"\n\t\t\t\tdata-mobile=true>\n\t\t\t  <\/div><\/div>\n\t\t  <style>\n\t\t    .fb-background-color {\n\t\t\t\tbackground: #ffffff !important;\n\t\t\t}\n\t\t\t.fb_iframe_widget_fluid_desktop iframe {\n\t\t\t    width: 100% !important;\n\t\t\t}\n\t\t  <\/style>\n\t\t  ","protected":false},"excerpt":{"rendered":"<p>La Alianza La Libertad Avanza present\u00f3 varios proyectos para la sesi\u00f3n de este mi\u00e9rcoles 2 de septiembre a las 10hs. Proyectos presentados: Desde el bloque expresaron \u00abNuestro compromiso es seguir recorriendo el distrito, escuchando a las familias, acompa\u00f1ando al sector productivo y trasladando al Concejo Deliberante los reclamos que requieren soluciones urgentes\u00bb \u00abPatagones necesita planificaci\u00f3n, [&hellip;]<\/p>\n","protected":false},"author":4,"featured_media":47419,"comment_status":"closed","ping_status":"closed","sticky":false,"template":"","format":"standard","meta":{"_joinchat":[],"footnotes":""},"categories":[39],"tags":[],"class_list":["post-47418","post","type-post","status-publish","format-standard","has-post-thumbnail","hentry","category-en-esta-seccion"],"_links":{"self":[{"href":"https:\/\/www.elpolitologoyelpolitico.com.ar\/wordpress\/wp-json\/wp\/v2\/posts\/47418","targetHints":{"allow":["GET"]}}],"collection":[{"href":"https:\/\/www.elpolitologoyelpolitico.com.ar\/wordpress\/wp-json\/wp\/v2\/posts"}],"about":[{"href":"https:\/\/www.elpolitologoyelpolitico.com.ar\/wordpress\/wp-json\/wp\/v2\/types\/post"}],"author":[{"embeddable":true,"href":"https:\/\/www.elpolitologoyelpolitico.com.ar\/wordpress\/wp-json\/wp\/v2\/users\/4"}],"replies":[{"embeddable":true,"href":"https:\/\/www.elpolitologoyelpolitico.com.ar\/wordpress\/wp-json\/wp\/v2\/comments?post=47418"}],"version-history":[{"count":1,"href":"https:\/\/www.elpolitologoyelpolitico.com.ar\/wordpress\/wp-json\/wp\/v2\/posts\/47418\/revisions"}],"predecessor-version":[{"id":47420,"href":"https:\/\/www.elpolitologoyelpolitico.com.ar\/wordpress\/wp-json\/wp\/v2\/posts\/47418\/revisions\/47420"}],"wp:featuredmedia":[{"embeddable":true,"href":"https:\/\/www.elpolitologoyelpolitico.com.ar\/wordpress\/wp-json\/wp\/v2\/media\/47419"}],"wp:attachment":[{"href":"https:\/\/www.elpolitologoyelpolitico.com.ar\/wordpress\/wp-json\/wp\/v2\/media?parent=47418"}],"wp:term":[{"taxonomy":"category","embeddable":true,"href":"https:\/\/www.elpolitologoyelpolitico.com.ar\/wordpress\/wp-json\/wp\/v2\/categories?post=47418"},{"taxonomy":"post_tag","embeddable":true,"href":"https:\/\/www.elpolitologoyelpolitico.com.ar\/wordpress\/wp-json\/wp\/v2\/tags?post=47418"}],"curies":[{"name":"wp","href":"https:\/\/api.w.org\/{rel}","templated":true}]}}