{"id":47411,"date":"2026-09-01T21:28:31","date_gmt":"2026-09-02T00:28:31","guid":{"rendered":"https:\/\/www.elpolitologoyelpolitico.com.ar\/wordpress\/?p=47411"},"modified":"2026-09-01T21:28:33","modified_gmt":"2026-09-02T00:28:33","slug":"vecina-reclama-por-el-mal-trabajo-de-la-municipalidad-de-viedma-estamos-sin-luz-gente","status":"publish","type":"post","link":"https:\/\/www.elpolitologoyelpolitico.com.ar\/wordpress\/2026\/09\/01\/vecina-reclama-por-el-mal-trabajo-de-la-municipalidad-de-viedma-estamos-sin-luz-gente\/","title":{"rendered":"Vecina reclama por el mal trabajo de la municipalidad de Viedma \u00abEstamos sin luz gente\u00bb"},"content":{"rendered":"\n<p>Una vecina del barrio IPPV est\u00e1 molesta con la municipalidad de Viedma porque el lunes se acercaron al barrio para \u00abarreglar\u00bb la iluminaci\u00f3n pero cuando lleg\u00f3 la noche observ\u00f3 que una de las iluminarias no funcionaba.<\/p>\n\n\n\n<p>\u00abFueron a arreglarlo durante el d\u00eda y a la noche cuando voy a ver, no funcionaba\u00bb indic\u00f3 la vecina.<\/p>\n\n\n\n<p>El \u00abtrabajo\u00bb de la Secretaria de servicios, Espacios P\u00fablicos y Ambiente de la Municipalidad de Viedma, a cargo del T\u00e9cnico Juan Ignacio Casadei se realiz\u00f3 en calle Mitre, entre Brasil y Paraguay.<\/p>\n\n\n\n<p>Los vecinos necesitan que la municipalidad se acerque al barrio para solucionar este problema porque ese sector permanece oscuro y es un peligro porque cerca hay un establecimiento educativo y otros espacios publicos.<\/p>\n\n\n\n<p>\u00abNosotros pagamos todos los impuestos y Tasas. No puede ser que el Estado haga mal el trabajo\u00bb finaliz\u00f3 la vecina.<\/p>\n<div class=\"fb-background-color\">\n\t\t\t  <div \n\t\t\t  \tclass = \"fb-comments\" \n\t\t\t  \tdata-href = \"https:\/\/www.elpolitologoyelpolitico.com.ar\/wordpress\/2026\/09\/01\/vecina-reclama-por-el-mal-trabajo-de-la-municipalidad-de-viedma-estamos-sin-luz-gente\/\"\n\t\t\t  \tdata-numposts = \"10\"\n\t\t\t  \tdata-lazy = \"true\"\n\t\t\t\tdata-colorscheme = \"light\"\n\t\t\t\tdata-order-by = \"social\"\n\t\t\t\tdata-mobile=true>\n\t\t\t  <\/div><\/div>\n\t\t  <style>\n\t\t    .fb-background-color {\n\t\t\t\tbackground: #ffffff !important;\n\t\t\t}\n\t\t\t.fb_iframe_widget_fluid_desktop iframe {\n\t\t\t    width: 100% !important;\n\t\t\t}\n\t\t  <\/style>\n\t\t  ","protected":false},"excerpt":{"rendered":"<p>Una vecina del barrio IPPV est\u00e1 molesta con la municipalidad de Viedma porque el lunes se acercaron al barrio para \u00abarreglar\u00bb la iluminaci\u00f3n pero cuando lleg\u00f3 la noche observ\u00f3 que una de las iluminarias no funcionaba. \u00abFueron a arreglarlo durante el d\u00eda y a la noche cuando voy a ver, no funcionaba\u00bb indic\u00f3 la vecina. [&hellip;]<\/p>\n","protected":false},"author":4,"featured_media":47412,"comment_status":"closed","ping_status":"closed","sticky":false,"template":"","format":"standard","meta":{"_joinchat":[],"footnotes":""},"categories":[39],"tags":[],"class_list":["post-47411","post","type-post","status-publish","format-standard","has-post-thumbnail","hentry","category-en-esta-seccion"],"_links":{"self":[{"href":"https:\/\/www.elpolitologoyelpolitico.com.ar\/wordpress\/wp-json\/wp\/v2\/posts\/47411","targetHints":{"allow":["GET"]}}],"collection":[{"href":"https:\/\/www.elpolitologoyelpolitico.com.ar\/wordpress\/wp-json\/wp\/v2\/posts"}],"about":[{"href":"https:\/\/www.elpolitologoyelpolitico.com.ar\/wordpress\/wp-json\/wp\/v2\/types\/post"}],"author":[{"embeddable":true,"href":"https:\/\/www.elpolitologoyelpolitico.com.ar\/wordpress\/wp-json\/wp\/v2\/users\/4"}],"replies":[{"embeddable":true,"href":"https:\/\/www.elpolitologoyelpolitico.com.ar\/wordpress\/wp-json\/wp\/v2\/comments?post=47411"}],"version-history":[{"count":1,"href":"https:\/\/www.elpolitologoyelpolitico.com.ar\/wordpress\/wp-json\/wp\/v2\/posts\/47411\/revisions"}],"predecessor-version":[{"id":47413,"href":"https:\/\/www.elpolitologoyelpolitico.com.ar\/wordpress\/wp-json\/wp\/v2\/posts\/47411\/revisions\/47413"}],"wp:featuredmedia":[{"embeddable":true,"href":"https:\/\/www.elpolitologoyelpolitico.com.ar\/wordpress\/wp-json\/wp\/v2\/media\/47412"}],"wp:attachment":[{"href":"https:\/\/www.elpolitologoyelpolitico.com.ar\/wordpress\/wp-json\/wp\/v2\/media?parent=47411"}],"wp:term":[{"taxonomy":"category","embeddable":true,"href":"https:\/\/www.elpolitologoyelpolitico.com.ar\/wordpress\/wp-json\/wp\/v2\/categories?post=47411"},{"taxonomy":"post_tag","embeddable":true,"href":"https:\/\/www.elpolitologoyelpolitico.com.ar\/wordpress\/wp-json\/wp\/v2\/tags?post=47411"}],"curies":[{"name":"wp","href":"https:\/\/api.w.org\/{rel}","templated":true}]}}