{"id":47404,"date":"2026-09-01T08:14:06","date_gmt":"2026-09-01T11:14:06","guid":{"rendered":"https:\/\/www.elpolitologoyelpolitico.com.ar\/wordpress\/?p=47404"},"modified":"2026-09-01T08:14:09","modified_gmt":"2026-09-01T11:14:09","slug":"no-quiero-ni-pensar-lo-que-va-a-ser-el-verano-angos-cruzo-a-absa-y-pidio-soluciones-urgentes-por-los-cortes-de-agua","status":"publish","type":"post","link":"https:\/\/www.elpolitologoyelpolitico.com.ar\/wordpress\/2026\/09\/01\/no-quiero-ni-pensar-lo-que-va-a-ser-el-verano-angos-cruzo-a-absa-y-pidio-soluciones-urgentes-por-los-cortes-de-agua\/","title":{"rendered":"\u00abNo quiero ni pensar lo que va a ser el verano\u00bb: Angos cruz\u00f3 a ABSA y pidi\u00f3 soluciones urgentes por los cortes de agua"},"content":{"rendered":"\n<figure class=\"wp-block-audio\"><audio controls src=\"https:\/\/www.elpolitologoyelpolitico.com.ar\/wp-content\/uploads\/2026\/08\/2026-08-31-Ricardo-Angos.mp3\"><\/audio><\/figure>\n\n\n\n<p>En di\u00e1logo con el programa <em>El Pol\u00edtologo y el Pol\u00edtico<\/em>, el concejal Ricardo Angos (bloque Patagonia Bonaerense) abord\u00f3 la crisis por la falta de agua que afecta a diversos sectores de Patagones, con recientes cortes totales en el barrio Bicentenario, y advirti\u00f3 sobre el agravamiento del escenario de cara al pr\u00f3ximo verano.<\/p>\n\n\n\n<h3 class=\"wp-block-heading\">Par\u00e1lisis de obras y falta de planificaci\u00f3n<\/h3>\n\n\n\n<p>El edil contrapuso la situaci\u00f3n actual con el plan de trabajo impulsado durante la gesti\u00f3n del exintendente Jos\u00e9 Luis Zara, destacando que los avances logrados quedaron truncados:<\/p>\n\n\n\n<ul class=\"wp-block-list\">\n<li> Record\u00f3 que entre 2022 y 2023 se impulsaron proyectos clave como la captaci\u00f3n de agua, el almacenamiento en Plaza Lacarra y la planta potabilizadora de Villalonga, adem\u00e1s de proyectarse la planta de tratamiento de l\u00edquidos cloacales. Se\u00f1al\u00f3 que actualmente las obras estrat\u00e9gicas est\u00e1n frenadas.<\/li>\n\n\n\n<li>Explic\u00f3 que la ca\u00f1er\u00eda subterr\u00e1nea es obsoleta y se encuentra desgastada. Al inyectarse m\u00e1s presi\u00f3n para cubrir el crecimiento urbano, los ca\u00f1os colapsan y generan p\u00e9rdidas que socavan veredas, cordones cuneta y cimientos particulares.<\/li>\n\n\n\n<li> Mencion\u00f3 que a principios de 2024 mantuvieron reuniones con la c\u00fapula de ABSA junto a la concejal Castronovo y el intendente, pero las promesas de la prestataria no se tradujeron en soluciones ni en inversiones concretas.<\/li>\n<\/ul>\n\n\n\n<h3 class=\"wp-block-heading\">Rechazo a la Emergencia H\u00eddrica y llamado a la movilizaci\u00f3n<\/h3>\n\n\n\n<p>Angos lament\u00f3 la falta de respuesta institucional y remarc\u00f3 la necesidad de incrementar los reclamos formales para exigir respuestas:<\/p>\n\n\n\n<ul class=\"wp-block-list\">\n<li>Revel\u00f3 que a principios de a\u00f1o el bloque opositor propuso declarar la Emergencia H\u00eddrica en el distrito, pero la iniciativa no fue acompa\u00f1ada por el oficialismo local.<\/li>\n\n\n\n<li> Explic\u00f3 que la empresa suele escudarse en la \u00abausencia de reclamos oficiales\u00bb en sus canales de atenci\u00f3n para justificar las deficiencias del servicio, por lo que inst\u00f3 a los vecinos a asentar sus quejas formalmente y no limitarse a las redes sociales.<\/li>\n\n\n\n<li>Ante la falta de avances, adelant\u00f3 que no descarta retomar la estrategia del a\u00f1o 2021, encabezando manifestaciones y movilizaciones comunitarias junto a los vecinos para exigir las obras requeridas.<\/li>\n<\/ul>\n\n\n\n<h3 class=\"wp-block-heading\">Actividad en el Consejo Deliberante<\/h3>\n\n\n\n<p>El concejal confirm\u00f3 que en la sesi\u00f3n del pr\u00f3ximo mi\u00e9rcoles presentar\u00e1 y debatir\u00e1 iniciativas de autor\u00eda conjunta enfocadas en la problem\u00e1tica del servicio de ABSA y proyectos espec\u00edficos para el barrio Bicentenario.<\/p>\n\n\n\n<p><\/p>\n<div class=\"fb-background-color\">\n\t\t\t  <div \n\t\t\t  \tclass = \"fb-comments\" \n\t\t\t  \tdata-href = \"https:\/\/www.elpolitologoyelpolitico.com.ar\/wordpress\/2026\/09\/01\/no-quiero-ni-pensar-lo-que-va-a-ser-el-verano-angos-cruzo-a-absa-y-pidio-soluciones-urgentes-por-los-cortes-de-agua\/\"\n\t\t\t  \tdata-numposts = \"10\"\n\t\t\t  \tdata-lazy = \"true\"\n\t\t\t\tdata-colorscheme = \"light\"\n\t\t\t\tdata-order-by = \"social\"\n\t\t\t\tdata-mobile=true>\n\t\t\t  <\/div><\/div>\n\t\t  <style>\n\t\t    .fb-background-color {\n\t\t\t\tbackground: #ffffff !important;\n\t\t\t}\n\t\t\t.fb_iframe_widget_fluid_desktop iframe {\n\t\t\t    width: 100% !important;\n\t\t\t}\n\t\t  <\/style>\n\t\t  ","protected":false},"excerpt":{"rendered":"<p>En di\u00e1logo con el programa El Pol\u00edtologo y el Pol\u00edtico, el concejal Ricardo Angos (bloque Patagonia Bonaerense) abord\u00f3 la crisis por la falta de agua que afecta a diversos sectores de Patagones, con recientes cortes totales en el barrio Bicentenario, y advirti\u00f3 sobre el agravamiento del escenario de cara al pr\u00f3ximo verano. Par\u00e1lisis de obras [&hellip;]<\/p>\n","protected":false},"author":4,"featured_media":47406,"comment_status":"closed","ping_status":"closed","sticky":false,"template":"","format":"standard","meta":{"_joinchat":[],"footnotes":""},"categories":[21],"tags":[],"class_list":["post-47404","post","type-post","status-publish","format-standard","has-post-thumbnail","hentry","category-actores-politicos"],"_links":{"self":[{"href":"https:\/\/www.elpolitologoyelpolitico.com.ar\/wordpress\/wp-json\/wp\/v2\/posts\/47404","targetHints":{"allow":["GET"]}}],"collection":[{"href":"https:\/\/www.elpolitologoyelpolitico.com.ar\/wordpress\/wp-json\/wp\/v2\/posts"}],"about":[{"href":"https:\/\/www.elpolitologoyelpolitico.com.ar\/wordpress\/wp-json\/wp\/v2\/types\/post"}],"author":[{"embeddable":true,"href":"https:\/\/www.elpolitologoyelpolitico.com.ar\/wordpress\/wp-json\/wp\/v2\/users\/4"}],"replies":[{"embeddable":true,"href":"https:\/\/www.elpolitologoyelpolitico.com.ar\/wordpress\/wp-json\/wp\/v2\/comments?post=47404"}],"version-history":[{"count":2,"href":"https:\/\/www.elpolitologoyelpolitico.com.ar\/wordpress\/wp-json\/wp\/v2\/posts\/47404\/revisions"}],"predecessor-version":[{"id":47408,"href":"https:\/\/www.elpolitologoyelpolitico.com.ar\/wordpress\/wp-json\/wp\/v2\/posts\/47404\/revisions\/47408"}],"wp:featuredmedia":[{"embeddable":true,"href":"https:\/\/www.elpolitologoyelpolitico.com.ar\/wordpress\/wp-json\/wp\/v2\/media\/47406"}],"wp:attachment":[{"href":"https:\/\/www.elpolitologoyelpolitico.com.ar\/wordpress\/wp-json\/wp\/v2\/media?parent=47404"}],"wp:term":[{"taxonomy":"category","embeddable":true,"href":"https:\/\/www.elpolitologoyelpolitico.com.ar\/wordpress\/wp-json\/wp\/v2\/categories?post=47404"},{"taxonomy":"post_tag","embeddable":true,"href":"https:\/\/www.elpolitologoyelpolitico.com.ar\/wordpress\/wp-json\/wp\/v2\/tags?post=47404"}],"curies":[{"name":"wp","href":"https:\/\/api.w.org\/{rel}","templated":true}]}}