{"id":47399,"date":"2026-08-31T17:21:14","date_gmt":"2026-08-31T20:21:14","guid":{"rendered":"https:\/\/www.elpolitologoyelpolitico.com.ar\/wordpress\/?p=47399"},"modified":"2026-08-31T17:21:17","modified_gmt":"2026-08-31T20:21:17","slug":"marco-tripodi-sobre-la-licencia-profilactica-en-salud-creimos-que-el-mejor-instrumento-era-un-proyecto-de-ordenanza","status":"publish","type":"post","link":"https:\/\/www.elpolitologoyelpolitico.com.ar\/wordpress\/2026\/08\/31\/marco-tripodi-sobre-la-licencia-profilactica-en-salud-creimos-que-el-mejor-instrumento-era-un-proyecto-de-ordenanza\/","title":{"rendered":"Marco Tr\u00edpodi sobre la licencia profil\u00e1ctica en Salud: \u00abCre\u00edmos que el mejor instrumento era un proyecto de ordenanza\u00bb"},"content":{"rendered":"\n<figure class=\"wp-block-audio\"><audio controls src=\"https:\/\/www.elpolitologoyelpolitico.com.ar\/wp-content\/uploads\/2026\/08\/2026-08-31-Marco-Tripodi.mp3\"><\/audio><\/figure>\n\n\n\n<p>En entrevista con el programa <em>El Pol\u00edtologo y el Pol\u00edtico<\/em>, el concejal de la Uni\u00f3n C\u00edvica Radical (UCR) y exfuncionario de Salud de Patagones, Marco Tr\u00edpodi, abord\u00f3 dos tem\u00e1ticas centrales sobre el sistema sanitario local: el reclamo de los trabajadores por la licencia profil\u00e1ctica y la controversia tras el traslado de la atenci\u00f3n de adultos mayores (PAMI) al Centro Integrador Comunitario (CIC).<\/p>\n\n\n\n<h3 class=\"wp-block-heading\"> Proyecto de Ordenanza por la Licencia Anual Complementaria<\/h3>\n\n\n\n<p>Ante la presentaci\u00f3n de m\u00e1s de 300 firmas de trabajadores de la salud (enfermeros, administrativos, mucamas, t\u00e9cnicos y bioqu\u00edmicos) ante el Ejecutivo y el Deliberante, el bloque de la UCR, con el acompa\u00f1amiento de otros bloques opositores, impuls\u00f3 un <strong>proyecto de ordenanza<\/strong> que se tratar\u00e1 este mi\u00e9rcoles en el Consejo Deliberante.<\/p>\n\n\n\n<ul class=\"wp-block-list\">\n<li> Tr\u00edpodi remarc\u00f3 que optaron por un proyecto de ordenanza en lugar de una resoluci\u00f3n para garantizar que la medida se promulgue y aplique efectivamente, pasando primero por la Comisi\u00f3n de Asuntos Legales.<\/li>\n\n\n\n<li> Explic\u00f3 que el objetivo es subsanar inequidades y otorgar la licencia profil\u00e1ctica (un porcentaje de la licencia ordinaria) de forma transversal a todo el personal de salud del partido, sin importar su encuadre gremial.<\/li>\n\n\n\n<li> Afirm\u00f3 que a igual tarea le corresponde igual remuneraci\u00f3n e igual licencia, equiparando los derechos de los empleados municipales con los del \u00e1mbito provincial.<\/li>\n<\/ul>\n\n\n\n<h3 class=\"wp-block-heading\"> Traslado de los Consultorios de Adultos Mayores al CIC<\/h3>\n\n\n\n<p>Respecto a la molestia de los vecinos por el traslado de la atenci\u00f3n de PAMI desde el edificio contiguo al Hospital Ecay hacia el CIC, el concejal aclar\u00f3 el origen del conflicto y su visi\u00f3n sobre la gesti\u00f3n actual:<\/p>\n\n\n\n<ul class=\"wp-block-list\">\n<li> Explic\u00f3 que dicho inmueble pertenece a la Provincia (destinado al CPA). Durante la gesti\u00f3n del exintendente Jos\u00e9 Luis Zara, se solicit\u00f3 una autorizaci\u00f3n para usarlo temporalmente para adultos mayores por su cercan\u00eda estrat\u00e9gica con la guardia, laboratorio y centro geogr\u00e1fico.<\/li>\n\n\n\n<li> Corrigi\u00f3 la versi\u00f3n de que el reclamo provincial llevaba ocho meses, se\u00f1alando que la Provincia exige la restituci\u00f3n del espacio desde hace m\u00e1s de dos a\u00f1os. Indic\u00f3 que las autoridades actuales sab\u00edan de esto al asumir y falt\u00f3 planificaci\u00f3n para evitar derivar a los pacientes al CIC.<\/li>\n\n\n\n<li>Calific\u00f3 la ubicaci\u00f3n en el CIC como una medida que deber\u00eda ser estrictamente transitoria. Sugiri\u00f3 que el Municipio deber\u00eda \u00abtomar el toro por las astas\u00bb, alquilar o refuncionalizar un inmueble definitivo en una zona m\u00e1s accesible y amplia para no perjudicar la movilidad de los adultos mayores.<\/li>\n<\/ul>\n\n\n\n<h3 class=\"wp-block-heading\"> Otros proyectos en agenda<\/h3>\n\n\n\n<p>Tr\u00edpodi adelant\u00f3 que el bloque presentar\u00e1 iniciativas sobre:<\/p>\n\n\n\n<ul class=\"wp-block-list\">\n<li>Un pedido de informes sobre el funcionamiento del Centro Provincial de Atenci\u00f3n a las Adicciones (CPA).<\/li>\n\n\n\n<li>La situaci\u00f3n del \u00e1rea de Salud Mental del Hospital Ecay, afectada por problemas t\u00e9cnicos desde el 23 de julio.<\/li>\n\n\n\n<li>El proyecto de Ley Nacional de Sobreendeudamiento e iniciativas de iluminaci\u00f3n y reconocimientos hist\u00f3ricos locales.<\/li>\n<\/ul>\n\n\n\n<p><\/p>\n<div class=\"fb-background-color\">\n\t\t\t  <div \n\t\t\t  \tclass = \"fb-comments\" \n\t\t\t  \tdata-href = \"https:\/\/www.elpolitologoyelpolitico.com.ar\/wordpress\/2026\/08\/31\/marco-tripodi-sobre-la-licencia-profilactica-en-salud-creimos-que-el-mejor-instrumento-era-un-proyecto-de-ordenanza\/\"\n\t\t\t  \tdata-numposts = \"10\"\n\t\t\t  \tdata-lazy = \"true\"\n\t\t\t\tdata-colorscheme = \"light\"\n\t\t\t\tdata-order-by = \"social\"\n\t\t\t\tdata-mobile=true>\n\t\t\t  <\/div><\/div>\n\t\t  <style>\n\t\t    .fb-background-color {\n\t\t\t\tbackground: #ffffff !important;\n\t\t\t}\n\t\t\t.fb_iframe_widget_fluid_desktop iframe {\n\t\t\t    width: 100% !important;\n\t\t\t}\n\t\t  <\/style>\n\t\t  ","protected":false},"excerpt":{"rendered":"<p>En entrevista con el programa El Pol\u00edtologo y el Pol\u00edtico, el concejal de la Uni\u00f3n C\u00edvica Radical (UCR) y exfuncionario de Salud de Patagones, Marco Tr\u00edpodi, abord\u00f3 dos tem\u00e1ticas centrales sobre el sistema sanitario local: el reclamo de los trabajadores por la licencia profil\u00e1ctica y la controversia tras el traslado de la atenci\u00f3n de adultos [&hellip;]<\/p>\n","protected":false},"author":4,"featured_media":47401,"comment_status":"closed","ping_status":"closed","sticky":false,"template":"","format":"standard","meta":{"_joinchat":[],"footnotes":""},"categories":[21],"tags":[],"class_list":["post-47399","post","type-post","status-publish","format-standard","has-post-thumbnail","hentry","category-actores-politicos"],"_links":{"self":[{"href":"https:\/\/www.elpolitologoyelpolitico.com.ar\/wordpress\/wp-json\/wp\/v2\/posts\/47399","targetHints":{"allow":["GET"]}}],"collection":[{"href":"https:\/\/www.elpolitologoyelpolitico.com.ar\/wordpress\/wp-json\/wp\/v2\/posts"}],"about":[{"href":"https:\/\/www.elpolitologoyelpolitico.com.ar\/wordpress\/wp-json\/wp\/v2\/types\/post"}],"author":[{"embeddable":true,"href":"https:\/\/www.elpolitologoyelpolitico.com.ar\/wordpress\/wp-json\/wp\/v2\/users\/4"}],"replies":[{"embeddable":true,"href":"https:\/\/www.elpolitologoyelpolitico.com.ar\/wordpress\/wp-json\/wp\/v2\/comments?post=47399"}],"version-history":[{"count":2,"href":"https:\/\/www.elpolitologoyelpolitico.com.ar\/wordpress\/wp-json\/wp\/v2\/posts\/47399\/revisions"}],"predecessor-version":[{"id":47403,"href":"https:\/\/www.elpolitologoyelpolitico.com.ar\/wordpress\/wp-json\/wp\/v2\/posts\/47399\/revisions\/47403"}],"wp:featuredmedia":[{"embeddable":true,"href":"https:\/\/www.elpolitologoyelpolitico.com.ar\/wordpress\/wp-json\/wp\/v2\/media\/47401"}],"wp:attachment":[{"href":"https:\/\/www.elpolitologoyelpolitico.com.ar\/wordpress\/wp-json\/wp\/v2\/media?parent=47399"}],"wp:term":[{"taxonomy":"category","embeddable":true,"href":"https:\/\/www.elpolitologoyelpolitico.com.ar\/wordpress\/wp-json\/wp\/v2\/categories?post=47399"},{"taxonomy":"post_tag","embeddable":true,"href":"https:\/\/www.elpolitologoyelpolitico.com.ar\/wordpress\/wp-json\/wp\/v2\/tags?post=47399"}],"curies":[{"name":"wp","href":"https:\/\/api.w.org\/{rel}","templated":true}]}}