{"id":47386,"date":"2026-08-31T10:31:29","date_gmt":"2026-08-31T13:31:29","guid":{"rendered":"https:\/\/www.elpolitologoyelpolitico.com.ar\/wordpress\/?p=47386"},"modified":"2026-08-31T10:31:30","modified_gmt":"2026-08-31T13:31:30","slug":"general-roca-un-hombre-se-tiro-al-canal-y-un-policia-se-arrojo-para-salvarlo","status":"publish","type":"post","link":"https:\/\/www.elpolitologoyelpolitico.com.ar\/wordpress\/2026\/08\/31\/general-roca-un-hombre-se-tiro-al-canal-y-un-policia-se-arrojo-para-salvarlo\/","title":{"rendered":"General Roca: Un hombre se tir\u00f3 al canal y un polic\u00eda se arroj\u00f3 para salvarlo"},"content":{"rendered":"\n<p><\/p>\n\n\n\n<p>Un hombre decidi\u00f3 tirarse al canal y un policia se arroj\u00f3 para salvar su vida en General Roca, R\u00edo Negro.<\/p>\n\n\n\n<p>El hecho ocurri\u00f3 este domingo a la ma\u00f1ana, en inmediaciones de las calles San Juan y Rosario, cuando los vecinos se acercaron al lugar y observaron la situaci\u00f3n.<\/p>\n\n\n\n<p>En ese momento, se comunicaron con la unidad 21, que llegaron r\u00e1pidamente.<\/p>\n\n\n\n<p>Uno de los policias decide tirarse al canal para salvarle la vida a un hombre mayor.<\/p>\n\n\n\n<p>La tarea fue compleja debido al importante caudal y la fuerte corriente que presentaba el canal, pero el suboficial de apellido P\u00e9rez, no dudo en ayudarlo.<\/p>\n\n\n\n<p>Luego, con ayuda de varios efectivos, lo sacaron del canal y qued\u00f3 a salvo.<\/p>\n\n\n\n<p><\/p>\n<div class=\"fb-background-color\">\n\t\t\t  <div \n\t\t\t  \tclass = \"fb-comments\" \n\t\t\t  \tdata-href = \"https:\/\/www.elpolitologoyelpolitico.com.ar\/wordpress\/2026\/08\/31\/general-roca-un-hombre-se-tiro-al-canal-y-un-policia-se-arrojo-para-salvarlo\/\"\n\t\t\t  \tdata-numposts = \"10\"\n\t\t\t  \tdata-lazy = \"true\"\n\t\t\t\tdata-colorscheme = \"light\"\n\t\t\t\tdata-order-by = \"social\"\n\t\t\t\tdata-mobile=true>\n\t\t\t  <\/div><\/div>\n\t\t  <style>\n\t\t    .fb-background-color {\n\t\t\t\tbackground: #ffffff !important;\n\t\t\t}\n\t\t\t.fb_iframe_widget_fluid_desktop iframe {\n\t\t\t    width: 100% !important;\n\t\t\t}\n\t\t  <\/style>\n\t\t  ","protected":false},"excerpt":{"rendered":"<p>Un hombre decidi\u00f3 tirarse al canal y un policia se arroj\u00f3 para salvar su vida en General Roca, R\u00edo Negro. El hecho ocurri\u00f3 este domingo a la ma\u00f1ana, en inmediaciones de las calles San Juan y Rosario, cuando los vecinos se acercaron al lugar y observaron la situaci\u00f3n. En ese momento, se comunicaron con la [&hellip;]<\/p>\n","protected":false},"author":4,"featured_media":47387,"comment_status":"closed","ping_status":"closed","sticky":false,"template":"","format":"standard","meta":{"_joinchat":[],"footnotes":""},"categories":[39],"tags":[],"class_list":["post-47386","post","type-post","status-publish","format-standard","has-post-thumbnail","hentry","category-en-esta-seccion"],"_links":{"self":[{"href":"https:\/\/www.elpolitologoyelpolitico.com.ar\/wordpress\/wp-json\/wp\/v2\/posts\/47386","targetHints":{"allow":["GET"]}}],"collection":[{"href":"https:\/\/www.elpolitologoyelpolitico.com.ar\/wordpress\/wp-json\/wp\/v2\/posts"}],"about":[{"href":"https:\/\/www.elpolitologoyelpolitico.com.ar\/wordpress\/wp-json\/wp\/v2\/types\/post"}],"author":[{"embeddable":true,"href":"https:\/\/www.elpolitologoyelpolitico.com.ar\/wordpress\/wp-json\/wp\/v2\/users\/4"}],"replies":[{"embeddable":true,"href":"https:\/\/www.elpolitologoyelpolitico.com.ar\/wordpress\/wp-json\/wp\/v2\/comments?post=47386"}],"version-history":[{"count":1,"href":"https:\/\/www.elpolitologoyelpolitico.com.ar\/wordpress\/wp-json\/wp\/v2\/posts\/47386\/revisions"}],"predecessor-version":[{"id":47388,"href":"https:\/\/www.elpolitologoyelpolitico.com.ar\/wordpress\/wp-json\/wp\/v2\/posts\/47386\/revisions\/47388"}],"wp:featuredmedia":[{"embeddable":true,"href":"https:\/\/www.elpolitologoyelpolitico.com.ar\/wordpress\/wp-json\/wp\/v2\/media\/47387"}],"wp:attachment":[{"href":"https:\/\/www.elpolitologoyelpolitico.com.ar\/wordpress\/wp-json\/wp\/v2\/media?parent=47386"}],"wp:term":[{"taxonomy":"category","embeddable":true,"href":"https:\/\/www.elpolitologoyelpolitico.com.ar\/wordpress\/wp-json\/wp\/v2\/categories?post=47386"},{"taxonomy":"post_tag","embeddable":true,"href":"https:\/\/www.elpolitologoyelpolitico.com.ar\/wordpress\/wp-json\/wp\/v2\/tags?post=47386"}],"curies":[{"name":"wp","href":"https:\/\/api.w.org\/{rel}","templated":true}]}}