{"id":47374,"date":"2026-08-30T23:23:46","date_gmt":"2026-08-31T02:23:46","guid":{"rendered":"https:\/\/www.elpolitologoyelpolitico.com.ar\/wordpress\/?p=47374"},"modified":"2026-08-30T23:23:48","modified_gmt":"2026-08-31T02:23:48","slug":"con-mas-de-300-firmas-trabajadores-de-la-salud-pidieron-al-ejecutivo-y-al-deliberante-la-licencia-anual-complementaria","status":"publish","type":"post","link":"https:\/\/www.elpolitologoyelpolitico.com.ar\/wordpress\/2026\/08\/30\/con-mas-de-300-firmas-trabajadores-de-la-salud-pidieron-al-ejecutivo-y-al-deliberante-la-licencia-anual-complementaria\/","title":{"rendered":"Con m\u00e1s de 300 firmas, trabajadores de la Salud pidieron al Ejecutivo y al Deliberante la Licencia Anual Complementaria"},"content":{"rendered":"\n<p>PATAGONES-En una presentaci\u00f3n conjunta que moviliz\u00f3 a personal sanitario de todo el partido, ingres\u00f3 formalmente el viernes 28 de agosto un pedido dirigido al Intendente Municipal, Ricardo Marino, y al Presidente del Honorable Concejo Deliberante, Am\u00edlcar Safe.<\/p>\n\n\n\n<p>La nota, respaldada por <strong>m\u00e1s de 300 firmas<\/strong> de administrativos, mucamas, enfermeros, t\u00e9cnicos bioqu\u00edmicos, de laboratorio y m\u00e9dicos, solicita la implementaci\u00f3n de la <strong>Licencia Anual Complementaria<\/strong> contemplada en la Ley Provincial 10.430.<\/p>\n\n\n\n<p>El pedido toma como base los decretos firmados por el Gobernador <strong>Axel Kicillof<\/strong> y el Ministro de Salud bonaerense, <strong>Dr. Nicol\u00e1s Kreplak<\/strong> <em>(Decreto ECRE-2025-246-GDEBA-GPBA y su anexo IF2024-44017313-GDEBA-DPNCMTGP)<\/em>, los cuales norman el descanso adicional para el personal expuesto a tareas de alto desgaste.<\/p>\n\n\n\n<h3 class=\"wp-block-heading\">Antecedentes y fundamentos<\/h3>\n\n\n\n<p>Desde el colectivo de trabajadores remarcaron que en el Partido de Patagones ya existen antecedentes de aplicaci\u00f3n de la licencia complementaria en servicios espec\u00edficos (tales como Quir\u00f3fano, Terapia Intensiva, Terapia Intermedia, Laboratorio, Hemoterapia, Diagn\u00f3stico por Im\u00e1genes y Salud Mental).<\/p>\n\n\n\n<p>Por tal motivo, solicitan extender este derecho a todo el personal del \u00e1rea de salud municipal para:<\/p>\n\n\n\n<ul class=\"wp-block-list\">\n<li>Prevenci\u00f3n del desgaste f\u00edsico, psicol\u00f3gico y emocional.<\/li>\n\n\n\n<li>Compensaci\u00f3n ante la exposici\u00f3n permanente a riesgos biol\u00f3gicos y ambientales.<\/li>\n\n\n\n<li>Mejora en las condiciones de trabajo y en el rendimiento de la atenci\u00f3n sanitaria a la comunidad.<\/li>\n<\/ul>\n\n\n\n<p>Al Concejo Deliberante se le solicit\u00f3 dar tratamiento a la iniciativa mediante un<strong> Proyecto de Resoluci\u00f3n<\/strong>, mientras que al Poder Ejecutivo se le requiere la creaci\u00f3n de las v\u00edas administrativas necesarias para su pronta aplicaci\u00f3n.<\/p>\n\n\n\n<figure class=\"wp-block-image size-large\"><img fetchpriority=\"high\" decoding=\"async\" width=\"768\" height=\"1024\" src=\"https:\/\/www.elpolitologoyelpolitico.com.ar\/wp-content\/uploads\/2026\/08\/image-43-768x1024.png\" alt=\"\" class=\"wp-image-47377\" srcset=\"https:\/\/www.elpolitologoyelpolitico.com.ar\/wp-content\/uploads\/2026\/08\/image-43-768x1024.png 768w, https:\/\/www.elpolitologoyelpolitico.com.ar\/wp-content\/uploads\/2026\/08\/image-43-225x300.png 225w, https:\/\/www.elpolitologoyelpolitico.com.ar\/wp-content\/uploads\/2026\/08\/image-43.png 960w\" sizes=\"(max-width: 768px) 100vw, 768px\" \/><\/figure>\n\n\n\n<figure class=\"wp-block-image size-large\"><img decoding=\"async\" width=\"768\" height=\"1024\" src=\"https:\/\/www.elpolitologoyelpolitico.com.ar\/wp-content\/uploads\/2026\/08\/image-42-768x1024.png\" alt=\"\" class=\"wp-image-47376\" srcset=\"https:\/\/www.elpolitologoyelpolitico.com.ar\/wp-content\/uploads\/2026\/08\/image-42-768x1024.png 768w, https:\/\/www.elpolitologoyelpolitico.com.ar\/wp-content\/uploads\/2026\/08\/image-42-225x300.png 225w, https:\/\/www.elpolitologoyelpolitico.com.ar\/wp-content\/uploads\/2026\/08\/image-42.png 960w\" sizes=\"(max-width: 768px) 100vw, 768px\" \/><\/figure>\n\n\n\n<figure class=\"wp-block-image size-large\"><img decoding=\"async\" width=\"648\" height=\"1024\" src=\"https:\/\/www.elpolitologoyelpolitico.com.ar\/wp-content\/uploads\/2026\/08\/image-46-648x1024.png\" alt=\"\" class=\"wp-image-47382\" srcset=\"https:\/\/www.elpolitologoyelpolitico.com.ar\/wp-content\/uploads\/2026\/08\/image-46-648x1024.png 648w, https:\/\/www.elpolitologoyelpolitico.com.ar\/wp-content\/uploads\/2026\/08\/image-46-190x300.png 190w, https:\/\/www.elpolitologoyelpolitico.com.ar\/wp-content\/uploads\/2026\/08\/image-46-768x1214.png 768w, https:\/\/www.elpolitologoyelpolitico.com.ar\/wp-content\/uploads\/2026\/08\/image-46-972x1536.png 972w, https:\/\/www.elpolitologoyelpolitico.com.ar\/wp-content\/uploads\/2026\/08\/image-46.png 1012w\" sizes=\"(max-width: 648px) 100vw, 648px\" \/><\/figure>\n<div class=\"fb-background-color\">\n\t\t\t  <div \n\t\t\t  \tclass = \"fb-comments\" \n\t\t\t  \tdata-href = \"https:\/\/www.elpolitologoyelpolitico.com.ar\/wordpress\/2026\/08\/30\/con-mas-de-300-firmas-trabajadores-de-la-salud-pidieron-al-ejecutivo-y-al-deliberante-la-licencia-anual-complementaria\/\"\n\t\t\t  \tdata-numposts = \"10\"\n\t\t\t  \tdata-lazy = \"true\"\n\t\t\t\tdata-colorscheme = \"light\"\n\t\t\t\tdata-order-by = \"social\"\n\t\t\t\tdata-mobile=true>\n\t\t\t  <\/div><\/div>\n\t\t  <style>\n\t\t    .fb-background-color {\n\t\t\t\tbackground: #ffffff !important;\n\t\t\t}\n\t\t\t.fb_iframe_widget_fluid_desktop iframe {\n\t\t\t    width: 100% !important;\n\t\t\t}\n\t\t  <\/style>\n\t\t  ","protected":false},"excerpt":{"rendered":"<p>PATAGONES-En una presentaci\u00f3n conjunta que moviliz\u00f3 a personal sanitario de todo el partido, ingres\u00f3 formalmente el viernes 28 de agosto un pedido dirigido al Intendente Municipal, Ricardo Marino, y al Presidente del Honorable Concejo Deliberante, Am\u00edlcar Safe. La nota, respaldada por m\u00e1s de 300 firmas de administrativos, mucamas, enfermeros, t\u00e9cnicos bioqu\u00edmicos, de laboratorio y m\u00e9dicos, [&hellip;]<\/p>\n","protected":false},"author":4,"featured_media":47375,"comment_status":"closed","ping_status":"closed","sticky":false,"template":"","format":"standard","meta":{"_joinchat":[],"footnotes":""},"categories":[39],"tags":[],"class_list":["post-47374","post","type-post","status-publish","format-standard","has-post-thumbnail","hentry","category-en-esta-seccion"],"_links":{"self":[{"href":"https:\/\/www.elpolitologoyelpolitico.com.ar\/wordpress\/wp-json\/wp\/v2\/posts\/47374","targetHints":{"allow":["GET"]}}],"collection":[{"href":"https:\/\/www.elpolitologoyelpolitico.com.ar\/wordpress\/wp-json\/wp\/v2\/posts"}],"about":[{"href":"https:\/\/www.elpolitologoyelpolitico.com.ar\/wordpress\/wp-json\/wp\/v2\/types\/post"}],"author":[{"embeddable":true,"href":"https:\/\/www.elpolitologoyelpolitico.com.ar\/wordpress\/wp-json\/wp\/v2\/users\/4"}],"replies":[{"embeddable":true,"href":"https:\/\/www.elpolitologoyelpolitico.com.ar\/wordpress\/wp-json\/wp\/v2\/comments?post=47374"}],"version-history":[{"count":2,"href":"https:\/\/www.elpolitologoyelpolitico.com.ar\/wordpress\/wp-json\/wp\/v2\/posts\/47374\/revisions"}],"predecessor-version":[{"id":47383,"href":"https:\/\/www.elpolitologoyelpolitico.com.ar\/wordpress\/wp-json\/wp\/v2\/posts\/47374\/revisions\/47383"}],"wp:featuredmedia":[{"embeddable":true,"href":"https:\/\/www.elpolitologoyelpolitico.com.ar\/wordpress\/wp-json\/wp\/v2\/media\/47375"}],"wp:attachment":[{"href":"https:\/\/www.elpolitologoyelpolitico.com.ar\/wordpress\/wp-json\/wp\/v2\/media?parent=47374"}],"wp:term":[{"taxonomy":"category","embeddable":true,"href":"https:\/\/www.elpolitologoyelpolitico.com.ar\/wordpress\/wp-json\/wp\/v2\/categories?post=47374"},{"taxonomy":"post_tag","embeddable":true,"href":"https:\/\/www.elpolitologoyelpolitico.com.ar\/wordpress\/wp-json\/wp\/v2\/tags?post=47374"}],"curies":[{"name":"wp","href":"https:\/\/api.w.org\/{rel}","templated":true}]}}