{"id":47371,"date":"2026-08-31T10:00:17","date_gmt":"2026-08-31T13:00:17","guid":{"rendered":"https:\/\/www.elpolitologoyelpolitico.com.ar\/wordpress\/?p=47371"},"modified":"2026-08-31T10:00:18","modified_gmt":"2026-08-31T13:00:18","slug":"a-partir-de-septiembre-nuevo-regimen-penal-juvenil-hasta-15-anos-de-prision-por-cometer-delitos-graves","status":"publish","type":"post","link":"https:\/\/www.elpolitologoyelpolitico.com.ar\/wordpress\/2026\/08\/31\/a-partir-de-septiembre-nuevo-regimen-penal-juvenil-hasta-15-anos-de-prision-por-cometer-delitos-graves\/","title":{"rendered":"A partir de septiembre Nuevo R\u00e9gimen Penal Juvenil: Hasta 15 a\u00f1os de prisi\u00f3n por cometer delitos graves"},"content":{"rendered":"\n<p>A partir del pr\u00f3ximo 5 de septiembre comenzar\u00e1 a regir en todo el pa\u00eds la Ley 27.801, que modifica el sistema penal juvenil y establece un nuevo marco para los adolescentes de entre 14 y 17 a\u00f1os acusados de cometer delitos graves.<\/p>\n\n\n\n<p>Entre los principales cambios, la normativa contempla penas de hasta 15 a\u00f1os de prisi\u00f3n para casos como homicidios, secuestros, abusos sexuales y robos violentos. La privaci\u00f3n de la libertad deber\u00e1 aplicarse como una medida excepcional.<\/p>\n\n\n\n<p>La ley tambi\u00e9n prev\u00e9 fueros especializados, con jueces y funcionarios capacitados en ni\u00f1ez y adolescencia, y pone el foco en alternativas restaurativas como tareas comunitarias, restricciones de circulaci\u00f3n y mecanismos de reparaci\u00f3n del da\u00f1o.<\/p>\n\n\n\n<p><\/p>\n<div class=\"fb-background-color\">\n\t\t\t  <div \n\t\t\t  \tclass = \"fb-comments\" \n\t\t\t  \tdata-href = \"https:\/\/www.elpolitologoyelpolitico.com.ar\/wordpress\/2026\/08\/31\/a-partir-de-septiembre-nuevo-regimen-penal-juvenil-hasta-15-anos-de-prision-por-cometer-delitos-graves\/\"\n\t\t\t  \tdata-numposts = \"10\"\n\t\t\t  \tdata-lazy = \"true\"\n\t\t\t\tdata-colorscheme = \"light\"\n\t\t\t\tdata-order-by = \"social\"\n\t\t\t\tdata-mobile=true>\n\t\t\t  <\/div><\/div>\n\t\t  <style>\n\t\t    .fb-background-color {\n\t\t\t\tbackground: #ffffff !important;\n\t\t\t}\n\t\t\t.fb_iframe_widget_fluid_desktop iframe {\n\t\t\t    width: 100% !important;\n\t\t\t}\n\t\t  <\/style>\n\t\t  ","protected":false},"excerpt":{"rendered":"<p>A partir del pr\u00f3ximo 5 de septiembre comenzar\u00e1 a regir en todo el pa\u00eds la Ley 27.801, que modifica el sistema penal juvenil y establece un nuevo marco para los adolescentes de entre 14 y 17 a\u00f1os acusados de cometer delitos graves. Entre los principales cambios, la normativa contempla penas de hasta 15 a\u00f1os de [&hellip;]<\/p>\n","protected":false},"author":4,"featured_media":47372,"comment_status":"closed","ping_status":"closed","sticky":false,"template":"","format":"standard","meta":{"_joinchat":[],"footnotes":""},"categories":[39],"tags":[],"class_list":["post-47371","post","type-post","status-publish","format-standard","has-post-thumbnail","hentry","category-en-esta-seccion"],"_links":{"self":[{"href":"https:\/\/www.elpolitologoyelpolitico.com.ar\/wordpress\/wp-json\/wp\/v2\/posts\/47371","targetHints":{"allow":["GET"]}}],"collection":[{"href":"https:\/\/www.elpolitologoyelpolitico.com.ar\/wordpress\/wp-json\/wp\/v2\/posts"}],"about":[{"href":"https:\/\/www.elpolitologoyelpolitico.com.ar\/wordpress\/wp-json\/wp\/v2\/types\/post"}],"author":[{"embeddable":true,"href":"https:\/\/www.elpolitologoyelpolitico.com.ar\/wordpress\/wp-json\/wp\/v2\/users\/4"}],"replies":[{"embeddable":true,"href":"https:\/\/www.elpolitologoyelpolitico.com.ar\/wordpress\/wp-json\/wp\/v2\/comments?post=47371"}],"version-history":[{"count":2,"href":"https:\/\/www.elpolitologoyelpolitico.com.ar\/wordpress\/wp-json\/wp\/v2\/posts\/47371\/revisions"}],"predecessor-version":[{"id":47385,"href":"https:\/\/www.elpolitologoyelpolitico.com.ar\/wordpress\/wp-json\/wp\/v2\/posts\/47371\/revisions\/47385"}],"wp:featuredmedia":[{"embeddable":true,"href":"https:\/\/www.elpolitologoyelpolitico.com.ar\/wordpress\/wp-json\/wp\/v2\/media\/47372"}],"wp:attachment":[{"href":"https:\/\/www.elpolitologoyelpolitico.com.ar\/wordpress\/wp-json\/wp\/v2\/media?parent=47371"}],"wp:term":[{"taxonomy":"category","embeddable":true,"href":"https:\/\/www.elpolitologoyelpolitico.com.ar\/wordpress\/wp-json\/wp\/v2\/categories?post=47371"},{"taxonomy":"post_tag","embeddable":true,"href":"https:\/\/www.elpolitologoyelpolitico.com.ar\/wordpress\/wp-json\/wp\/v2\/tags?post=47371"}],"curies":[{"name":"wp","href":"https:\/\/api.w.org\/{rel}","templated":true}]}}