{"id":47362,"date":"2026-08-30T23:13:12","date_gmt":"2026-08-31T02:13:12","guid":{"rendered":"https:\/\/www.elpolitologoyelpolitico.com.ar\/wordpress\/?p=47362"},"modified":"2026-08-30T23:13:14","modified_gmt":"2026-08-31T02:13:14","slug":"viedma-vecinos-indignados-por-la-acumulacion-de-restos-de-poda","status":"publish","type":"post","link":"https:\/\/www.elpolitologoyelpolitico.com.ar\/wordpress\/2026\/08\/30\/viedma-vecinos-indignados-por-la-acumulacion-de-restos-de-poda\/","title":{"rendered":"Viedma: vecinos indignados por la acumulaci\u00f3n de restos de poda"},"content":{"rendered":"\n<p>La acumulaci\u00f3n de ramas y resto de poda en Viedma es un hecho que preocupa a los vecinos.<\/p>\n\n\n\n<p>En los \u00faltimos meses, aumentaron la cantidad de ramas, troncos, hojas, pasto cortado y planta secas en diferentes sectores de Viedma.<\/p>\n\n\n\n<p>El trabajo de poda en la ciudad, dej\u00f3 una acumulaci\u00f3n brutal que trae como consecuencia roedores, insectos, ara\u00f1as, que mezclado con basura domiciliaria, provoca malos olores y liquidos contaminantes.<\/p>\n\n\n\n<p>Tambi\u00e9n, hay vecinos que descargan resto de ramas y yuyos sobre la v\u00eda p\u00fablica. Una camioneta, tiro restos de poda en un baldio (a metros del sem\u00e1foro ubicado en la intersecci\u00f3n de la Ruta Provincial 1 y la calle Giachino, justo frente a la plataforma del 28.000).<\/p>\n\n\n\n<p>Ante el aumento de la acumulaci\u00f3n de ramas, yuyos y todo tipo de basura, los vecinos solicit\u00e1n a las autoridades que realicen una limpieza total y controlen la situaci\u00f3n en distintos barrios de la capital rionegrina.<\/p>\n\n\n\n<figure class=\"wp-block-image size-large\"><img fetchpriority=\"high\" decoding=\"async\" width=\"1024\" height=\"811\" src=\"https:\/\/www.elpolitologoyelpolitico.com.ar\/wp-content\/uploads\/2026\/08\/image-44-1024x811.png\" alt=\"\" class=\"wp-image-47379\" srcset=\"https:\/\/www.elpolitologoyelpolitico.com.ar\/wp-content\/uploads\/2026\/08\/image-44-1024x811.png 1024w, https:\/\/www.elpolitologoyelpolitico.com.ar\/wp-content\/uploads\/2026\/08\/image-44-300x238.png 300w, https:\/\/www.elpolitologoyelpolitico.com.ar\/wp-content\/uploads\/2026\/08\/image-44-768x608.png 768w, https:\/\/www.elpolitologoyelpolitico.com.ar\/wp-content\/uploads\/2026\/08\/image-44.png 1080w\" sizes=\"(max-width: 1024px) 100vw, 1024px\" \/><\/figure>\n\n\n\n<figure class=\"wp-block-image size-large\"><img decoding=\"async\" width=\"789\" height=\"1024\" src=\"https:\/\/www.elpolitologoyelpolitico.com.ar\/wp-content\/uploads\/2026\/08\/image-45-789x1024.png\" alt=\"\" class=\"wp-image-47380\" srcset=\"https:\/\/www.elpolitologoyelpolitico.com.ar\/wp-content\/uploads\/2026\/08\/image-45-789x1024.png 789w, https:\/\/www.elpolitologoyelpolitico.com.ar\/wp-content\/uploads\/2026\/08\/image-45-231x300.png 231w, https:\/\/www.elpolitologoyelpolitico.com.ar\/wp-content\/uploads\/2026\/08\/image-45-768x996.png 768w, https:\/\/www.elpolitologoyelpolitico.com.ar\/wp-content\/uploads\/2026\/08\/image-45.png 1080w\" sizes=\"(max-width: 789px) 100vw, 789px\" \/><\/figure>\n<div class=\"fb-background-color\">\n\t\t\t  <div \n\t\t\t  \tclass = \"fb-comments\" \n\t\t\t  \tdata-href = \"https:\/\/www.elpolitologoyelpolitico.com.ar\/wordpress\/2026\/08\/30\/viedma-vecinos-indignados-por-la-acumulacion-de-restos-de-poda\/\"\n\t\t\t  \tdata-numposts = \"10\"\n\t\t\t  \tdata-lazy = \"true\"\n\t\t\t\tdata-colorscheme = \"light\"\n\t\t\t\tdata-order-by = \"social\"\n\t\t\t\tdata-mobile=true>\n\t\t\t  <\/div><\/div>\n\t\t  <style>\n\t\t    .fb-background-color {\n\t\t\t\tbackground: #ffffff !important;\n\t\t\t}\n\t\t\t.fb_iframe_widget_fluid_desktop iframe {\n\t\t\t    width: 100% !important;\n\t\t\t}\n\t\t  <\/style>\n\t\t  ","protected":false},"excerpt":{"rendered":"<p>La acumulaci\u00f3n de ramas y resto de poda en Viedma es un hecho que preocupa a los vecinos. En los \u00faltimos meses, aumentaron la cantidad de ramas, troncos, hojas, pasto cortado y planta secas en diferentes sectores de Viedma. El trabajo de poda en la ciudad, dej\u00f3 una acumulaci\u00f3n brutal que trae como consecuencia roedores, [&hellip;]<\/p>\n","protected":false},"author":4,"featured_media":47363,"comment_status":"closed","ping_status":"closed","sticky":false,"template":"","format":"standard","meta":{"_joinchat":[],"footnotes":""},"categories":[39],"tags":[],"class_list":["post-47362","post","type-post","status-publish","format-standard","has-post-thumbnail","hentry","category-en-esta-seccion"],"_links":{"self":[{"href":"https:\/\/www.elpolitologoyelpolitico.com.ar\/wordpress\/wp-json\/wp\/v2\/posts\/47362","targetHints":{"allow":["GET"]}}],"collection":[{"href":"https:\/\/www.elpolitologoyelpolitico.com.ar\/wordpress\/wp-json\/wp\/v2\/posts"}],"about":[{"href":"https:\/\/www.elpolitologoyelpolitico.com.ar\/wordpress\/wp-json\/wp\/v2\/types\/post"}],"author":[{"embeddable":true,"href":"https:\/\/www.elpolitologoyelpolitico.com.ar\/wordpress\/wp-json\/wp\/v2\/users\/4"}],"replies":[{"embeddable":true,"href":"https:\/\/www.elpolitologoyelpolitico.com.ar\/wordpress\/wp-json\/wp\/v2\/comments?post=47362"}],"version-history":[{"count":2,"href":"https:\/\/www.elpolitologoyelpolitico.com.ar\/wordpress\/wp-json\/wp\/v2\/posts\/47362\/revisions"}],"predecessor-version":[{"id":47381,"href":"https:\/\/www.elpolitologoyelpolitico.com.ar\/wordpress\/wp-json\/wp\/v2\/posts\/47362\/revisions\/47381"}],"wp:featuredmedia":[{"embeddable":true,"href":"https:\/\/www.elpolitologoyelpolitico.com.ar\/wordpress\/wp-json\/wp\/v2\/media\/47363"}],"wp:attachment":[{"href":"https:\/\/www.elpolitologoyelpolitico.com.ar\/wordpress\/wp-json\/wp\/v2\/media?parent=47362"}],"wp:term":[{"taxonomy":"category","embeddable":true,"href":"https:\/\/www.elpolitologoyelpolitico.com.ar\/wordpress\/wp-json\/wp\/v2\/categories?post=47362"},{"taxonomy":"post_tag","embeddable":true,"href":"https:\/\/www.elpolitologoyelpolitico.com.ar\/wordpress\/wp-json\/wp\/v2\/tags?post=47362"}],"curies":[{"name":"wp","href":"https:\/\/api.w.org\/{rel}","templated":true}]}}