{"id":47358,"date":"2026-08-30T20:18:28","date_gmt":"2026-08-30T23:18:28","guid":{"rendered":"https:\/\/www.elpolitologoyelpolitico.com.ar\/wordpress\/?p=47358"},"modified":"2026-08-30T20:18:30","modified_gmt":"2026-08-30T23:18:30","slug":"denuncian-vejaciones-y-torturas-a-ruben-munoz-en-la-unidad-4-de-general-roca","status":"publish","type":"post","link":"https:\/\/www.elpolitologoyelpolitico.com.ar\/wordpress\/2026\/08\/30\/denuncian-vejaciones-y-torturas-a-ruben-munoz-en-la-unidad-4-de-general-roca\/","title":{"rendered":"Denuncian vejaciones y torturas a Rub\u00e9n Mu\u00f1oz en la Unidad 4 de General Roca"},"content":{"rendered":"\n<p>La defensa de Rub\u00e9n Mu\u00f1oz, exoficial de la Polic\u00eda de R\u00edo Negro y referente del Consejo de Bienestar Policial, present\u00f3 una grave denuncia por presuntos actos de tortura, vejaciones y apremios ilegales sufridos dentro del Establecimiento de Ejecuci\u00f3n Penal N.\u00ba 4.<\/p>\n\n\n\n<p><strong>Los puntos clave de la denuncia:<\/strong><\/p>\n\n\n\n<ul class=\"wp-block-list\">\n<li> Su abogado, Walter Carrasco, afirm\u00f3 que Mu\u00f1oz fue obligado a desnudarse en un \u00e1rea de circulaci\u00f3n. Se sospecha que el procedimiento buscaba identificar a sus contactos con el exterior y frenar las publicaciones del Consejo de Bienestar Policial.<\/li>\n\n\n\n<li>Tras protestar en su celda e iniciarse un foco de fuego menor, el personal penitenciario habr\u00eda descargado dos matafuegos dentro del recinto, oblig\u00e1ndolo a cubrirse bajo la ducha para no asfixiarse. Posteriormente, le secuestraron libros, documentaci\u00f3n y pertenencias personales.<\/li>\n\n\n\n<li>Durante un traslado m\u00e9dico, encontr\u00e1ndose ya esposado y reducido, habr\u00eda sido arrojado al suelo, arrastrado y golpeado. La defensa report\u00f3 hematomas en ojos, manos y pies, adem\u00e1s de una lesi\u00f3n en el o\u00eddo interno que requerir\u00e1 pericias independientes.<\/li>\n<\/ul>\n\n\n\n<p>Mu\u00f1oz, conocido por haber encabezado durante a\u00f1os los reclamos salariales y laborales de la fuerza policial, lo que lo llev\u00f3 a su expulsi\u00f3n y posterior condena de cumplimiento efectivo, se encuentra ahora bajo custodia estatal mientras la Fiscal\u00eda investiga los hechos para determinar las responsabilidades penales del personal penitenciario.<\/p>\n\n\n\n<figure class=\"wp-block-image size-full\"><img fetchpriority=\"high\" decoding=\"async\" width=\"588\" height=\"521\" src=\"https:\/\/www.elpolitologoyelpolitico.com.ar\/wp-content\/uploads\/2026\/08\/image-39.png\" alt=\"\" class=\"wp-image-47359\" srcset=\"https:\/\/www.elpolitologoyelpolitico.com.ar\/wp-content\/uploads\/2026\/08\/image-39.png 588w, https:\/\/www.elpolitologoyelpolitico.com.ar\/wp-content\/uploads\/2026\/08\/image-39-300x266.png 300w\" sizes=\"(max-width: 588px) 100vw, 588px\" \/><\/figure>\n<div class=\"fb-background-color\">\n\t\t\t  <div \n\t\t\t  \tclass = \"fb-comments\" \n\t\t\t  \tdata-href = \"https:\/\/www.elpolitologoyelpolitico.com.ar\/wordpress\/2026\/08\/30\/denuncian-vejaciones-y-torturas-a-ruben-munoz-en-la-unidad-4-de-general-roca\/\"\n\t\t\t  \tdata-numposts = \"10\"\n\t\t\t  \tdata-lazy = \"true\"\n\t\t\t\tdata-colorscheme = \"light\"\n\t\t\t\tdata-order-by = \"social\"\n\t\t\t\tdata-mobile=true>\n\t\t\t  <\/div><\/div>\n\t\t  <style>\n\t\t    .fb-background-color {\n\t\t\t\tbackground: #ffffff !important;\n\t\t\t}\n\t\t\t.fb_iframe_widget_fluid_desktop iframe {\n\t\t\t    width: 100% !important;\n\t\t\t}\n\t\t  <\/style>\n\t\t  ","protected":false},"excerpt":{"rendered":"<p>La defensa de Rub\u00e9n Mu\u00f1oz, exoficial de la Polic\u00eda de R\u00edo Negro y referente del Consejo de Bienestar Policial, present\u00f3 una grave denuncia por presuntos actos de tortura, vejaciones y apremios ilegales sufridos dentro del Establecimiento de Ejecuci\u00f3n Penal N.\u00ba 4. Los puntos clave de la denuncia: Mu\u00f1oz, conocido por haber encabezado durante a\u00f1os los [&hellip;]<\/p>\n","protected":false},"author":4,"featured_media":47360,"comment_status":"closed","ping_status":"closed","sticky":false,"template":"","format":"standard","meta":{"_joinchat":[],"footnotes":""},"categories":[39],"tags":[],"class_list":["post-47358","post","type-post","status-publish","format-standard","has-post-thumbnail","hentry","category-en-esta-seccion"],"_links":{"self":[{"href":"https:\/\/www.elpolitologoyelpolitico.com.ar\/wordpress\/wp-json\/wp\/v2\/posts\/47358","targetHints":{"allow":["GET"]}}],"collection":[{"href":"https:\/\/www.elpolitologoyelpolitico.com.ar\/wordpress\/wp-json\/wp\/v2\/posts"}],"about":[{"href":"https:\/\/www.elpolitologoyelpolitico.com.ar\/wordpress\/wp-json\/wp\/v2\/types\/post"}],"author":[{"embeddable":true,"href":"https:\/\/www.elpolitologoyelpolitico.com.ar\/wordpress\/wp-json\/wp\/v2\/users\/4"}],"replies":[{"embeddable":true,"href":"https:\/\/www.elpolitologoyelpolitico.com.ar\/wordpress\/wp-json\/wp\/v2\/comments?post=47358"}],"version-history":[{"count":1,"href":"https:\/\/www.elpolitologoyelpolitico.com.ar\/wordpress\/wp-json\/wp\/v2\/posts\/47358\/revisions"}],"predecessor-version":[{"id":47361,"href":"https:\/\/www.elpolitologoyelpolitico.com.ar\/wordpress\/wp-json\/wp\/v2\/posts\/47358\/revisions\/47361"}],"wp:featuredmedia":[{"embeddable":true,"href":"https:\/\/www.elpolitologoyelpolitico.com.ar\/wordpress\/wp-json\/wp\/v2\/media\/47360"}],"wp:attachment":[{"href":"https:\/\/www.elpolitologoyelpolitico.com.ar\/wordpress\/wp-json\/wp\/v2\/media?parent=47358"}],"wp:term":[{"taxonomy":"category","embeddable":true,"href":"https:\/\/www.elpolitologoyelpolitico.com.ar\/wordpress\/wp-json\/wp\/v2\/categories?post=47358"},{"taxonomy":"post_tag","embeddable":true,"href":"https:\/\/www.elpolitologoyelpolitico.com.ar\/wordpress\/wp-json\/wp\/v2\/tags?post=47358"}],"curies":[{"name":"wp","href":"https:\/\/api.w.org\/{rel}","templated":true}]}}