{"id":47353,"date":"2026-08-30T20:17:42","date_gmt":"2026-08-30T23:17:42","guid":{"rendered":"https:\/\/www.elpolitologoyelpolitico.com.ar\/wordpress\/?p=47353"},"modified":"2026-08-30T20:17:45","modified_gmt":"2026-08-30T23:17:45","slug":"malestar-en-patagones-por-el-traslado-de-la-oficina-del-pami-al-cic-nos-sentimos-abandonados","status":"publish","type":"post","link":"https:\/\/www.elpolitologoyelpolitico.com.ar\/wordpress\/2026\/08\/30\/malestar-en-patagones-por-el-traslado-de-la-oficina-del-pami-al-cic-nos-sentimos-abandonados\/","title":{"rendered":"Malestar en Patagones por el traslado de la oficina del PAMI al CIC: \u00abNos sentimos abandonados\u00bb"},"content":{"rendered":"\n<figure class=\"wp-block-audio\"><audio controls src=\"https:\/\/www.elpolitologoyelpolitico.com.ar\/wp-content\/uploads\/2026\/08\/2026-08-28-Nora-Vecina-de-Ptgs.mp3\"><\/audio><\/figure>\n\n\n\n<p>La reubicaci\u00f3n de la sede del PAMI desde el centro de la ciudad hacia el Centro Integrador Comunitario (CIC), en el barrio Villa Lynch, desat\u00f3 fuertes reclamos entre los jubilados de Carmen de Patagones. Vecinos afectados advierten sobre el impacto econ\u00f3mico y las severas dificultades de movilidad que implica este cambio para la poblaci\u00f3n de la tercera edad.<\/p>\n\n\n\n<p>En declaraciones al programa <em>El Polit\u00f3logo y el Pol\u00edtico<\/em>, Nora, una jubilada local que padece leucemia, visibiliz\u00f3 la complejidad de la situaci\u00f3n. Se\u00f1al\u00f3 que la nueva ubicaci\u00f3n exige m\u00faltiples desplazamientos en transporte p\u00fablico o taxi, un costo dif\u00edcil de afrontar, solo para gestionar turnos o dejar recetas m\u00e9dicas:<\/p>\n\n\n\n<blockquote class=\"wp-block-quote is-layout-flow wp-block-quote-is-layout-flow\">\n<p><em>\u00abHay muchos abuelos a los que les cuesta llegar. No tienen consideraci\u00f3n por nosotros; si ten\u00e9s que sacar un turno, llevar la receta y volver a buscarla, es imposible con la situaci\u00f3n econ\u00f3mica actual\u00bb<\/em>, recrimin\u00f3 la vecina.<\/p>\n<\/blockquote>\n\n\n\n<p>Durante la entrevista, la residente cuestion\u00f3 la falta de previsi\u00f3n del Ejecutivo municipal, remarcando que el vencimiento del convenio anterior era de p\u00fablico conocimiento con meses de anticipaci\u00f3n. Asimismo, lament\u00f3 la ausencia de un \u00e1rea espec\u00edfica para atender la demanda de los adultos mayores en el distrito y la falta de alternativas intermedias, como la colocaci\u00f3n de un buz\u00f3n receptivo de tr\u00e1mites en la zona c\u00e9ntrica.<\/p>\n\n\n\n<p>Ante la falta de respuestas oficiales, jubilados locales eval\u00faan impulsar un petitorio firmado para exigir al intendente y a los concejales una soluci\u00f3n de fondo o un punto de atenci\u00f3n m\u00e1s accesible.<\/p>\n\n\n\n<p><\/p>\n<div class=\"fb-background-color\">\n\t\t\t  <div \n\t\t\t  \tclass = \"fb-comments\" \n\t\t\t  \tdata-href = \"https:\/\/www.elpolitologoyelpolitico.com.ar\/wordpress\/2026\/08\/30\/malestar-en-patagones-por-el-traslado-de-la-oficina-del-pami-al-cic-nos-sentimos-abandonados\/\"\n\t\t\t  \tdata-numposts = \"10\"\n\t\t\t  \tdata-lazy = \"true\"\n\t\t\t\tdata-colorscheme = \"light\"\n\t\t\t\tdata-order-by = \"social\"\n\t\t\t\tdata-mobile=true>\n\t\t\t  <\/div><\/div>\n\t\t  <style>\n\t\t    .fb-background-color {\n\t\t\t\tbackground: #ffffff !important;\n\t\t\t}\n\t\t\t.fb_iframe_widget_fluid_desktop iframe {\n\t\t\t    width: 100% !important;\n\t\t\t}\n\t\t  <\/style>\n\t\t  ","protected":false},"excerpt":{"rendered":"<p>La reubicaci\u00f3n de la sede del PAMI desde el centro de la ciudad hacia el Centro Integrador Comunitario (CIC), en el barrio Villa Lynch, desat\u00f3 fuertes reclamos entre los jubilados de Carmen de Patagones. Vecinos afectados advierten sobre el impacto econ\u00f3mico y las severas dificultades de movilidad que implica este cambio para la poblaci\u00f3n de [&hellip;]<\/p>\n","protected":false},"author":4,"featured_media":47356,"comment_status":"closed","ping_status":"closed","sticky":false,"template":"","format":"standard","meta":{"_joinchat":[],"footnotes":""},"categories":[39],"tags":[],"class_list":["post-47353","post","type-post","status-publish","format-standard","has-post-thumbnail","hentry","category-en-esta-seccion"],"_links":{"self":[{"href":"https:\/\/www.elpolitologoyelpolitico.com.ar\/wordpress\/wp-json\/wp\/v2\/posts\/47353","targetHints":{"allow":["GET"]}}],"collection":[{"href":"https:\/\/www.elpolitologoyelpolitico.com.ar\/wordpress\/wp-json\/wp\/v2\/posts"}],"about":[{"href":"https:\/\/www.elpolitologoyelpolitico.com.ar\/wordpress\/wp-json\/wp\/v2\/types\/post"}],"author":[{"embeddable":true,"href":"https:\/\/www.elpolitologoyelpolitico.com.ar\/wordpress\/wp-json\/wp\/v2\/users\/4"}],"replies":[{"embeddable":true,"href":"https:\/\/www.elpolitologoyelpolitico.com.ar\/wordpress\/wp-json\/wp\/v2\/comments?post=47353"}],"version-history":[{"count":1,"href":"https:\/\/www.elpolitologoyelpolitico.com.ar\/wordpress\/wp-json\/wp\/v2\/posts\/47353\/revisions"}],"predecessor-version":[{"id":47357,"href":"https:\/\/www.elpolitologoyelpolitico.com.ar\/wordpress\/wp-json\/wp\/v2\/posts\/47353\/revisions\/47357"}],"wp:featuredmedia":[{"embeddable":true,"href":"https:\/\/www.elpolitologoyelpolitico.com.ar\/wordpress\/wp-json\/wp\/v2\/media\/47356"}],"wp:attachment":[{"href":"https:\/\/www.elpolitologoyelpolitico.com.ar\/wordpress\/wp-json\/wp\/v2\/media?parent=47353"}],"wp:term":[{"taxonomy":"category","embeddable":true,"href":"https:\/\/www.elpolitologoyelpolitico.com.ar\/wordpress\/wp-json\/wp\/v2\/categories?post=47353"},{"taxonomy":"post_tag","embeddable":true,"href":"https:\/\/www.elpolitologoyelpolitico.com.ar\/wordpress\/wp-json\/wp\/v2\/tags?post=47353"}],"curies":[{"name":"wp","href":"https:\/\/api.w.org\/{rel}","templated":true}]}}