{"id":47338,"date":"2026-08-30T20:19:21","date_gmt":"2026-08-30T23:19:21","guid":{"rendered":"https:\/\/www.elpolitologoyelpolitico.com.ar\/wordpress\/?p=47338"},"modified":"2026-08-30T20:19:23","modified_gmt":"2026-08-30T23:19:23","slug":"damian-torres-proyecta-un-plan-de-gobierno-para-viedma","status":"publish","type":"post","link":"https:\/\/www.elpolitologoyelpolitico.com.ar\/wordpress\/2026\/08\/30\/damian-torres-proyecta-un-plan-de-gobierno-para-viedma\/","title":{"rendered":"Dami\u00e1n Torres proyecta un plan de gobierno para Viedma"},"content":{"rendered":"\n<figure class=\"wp-block-audio\"><audio controls src=\"https:\/\/www.elpolitologoyelpolitico.com.ar\/wp-content\/uploads\/2026\/08\/2026-08-28-Damian-Torres.mp3\"><\/audio><\/figure>\n\n\n\n<p>En entrevista el abogado y referente pol\u00edtico <strong>Dami\u00e1n Torres<\/strong>, para el programa <em>El Polit\u00f3logo y el Pol\u00edtico<\/em>, repas\u00f3 los ejes centrales de su trabajo territorial en la capital rionegrina a trav\u00e9s de la iniciativa \u00abViedma Libre\u00bb.<\/p>\n\n\n\n<h3 class=\"wp-block-heading\">\u00abViedma Libre\u00bb: Las tres urgencias de la capital y una transformaci\u00f3n econ\u00f3mica<\/h3>\n\n\n\n<p>En el plano pol\u00edtico y consultado por su labor en el territorio, el vicepresidente de La Libertad Avanza en R\u00edo Negro analiz\u00f3 las demandas de los vecinos y detall\u00f3 las prioridades de su espacio bajo la consigna \u00abViedma Libre\u00bb.<\/p>\n\n\n\n<p>Torres sostuvo que el actual Municipio no ha logrado resolver los problemas estructurales de la ciudad y enumer\u00f3 tres ejes de emergencia inmediata que requieren intervenci\u00f3n:<\/p>\n\n\n\n<ol start=\"1\" class=\"wp-block-list\">\n<li><strong>Estado de las calles:<\/strong> Remarc\u00f3 la falta de mantenimiento del asfalto y las severas dificultades de tr\u00e1nsito en accesos y barrios como Los Fresnos.<\/li>\n\n\n\n<li><strong>Infraestructura pluvial:<\/strong> Se\u00f1al\u00f3 la urgente necesidad de obras ante la llegada de las precipitaciones para evitar colapsos urbanos.<\/li>\n\n\n\n<li><strong>Reconversi\u00f3n de iluminaci\u00f3n:<\/strong> Propuso la migraci\u00f3n total hacia tecnolog\u00eda LED para optimizar la visibilidad y colaborar con la prevenci\u00f3n del delito.<\/li>\n<\/ol>\n\n\n\n<p>Por otro lado, apunt\u00f3 a un cambio estructural a largo plazo para diversificar la matriz productiva de la comarca, donde actualmente \u00abseis de cada diez empleados pertenecen al sector p\u00fablico\u00bb. Entre sus propuestas, destac\u00f3 el impulso al turismo, la industria local y la exportaci\u00f3n de producci\u00f3n con valor agregado, ejemplificando con el potencial de la alfalfa en la regi\u00f3n.<\/p>\n\n\n\n<h3 class=\"wp-block-heading\">Di\u00e1logo con comerciantes y cuestionamientos al ordenamiento urbano<\/h3>\n\n\n\n<p>Durante la entrevista, el dirigente tambi\u00e9n se refiri\u00f3 al impacto negativo que generan ciertas medidas de tr\u00e1nsito sobre la actividad comercial local. Explic\u00f3 que la implementaci\u00f3n de bicisendas y la restricci\u00f3n para estacionar en arterias clave \u2014como la zona de las calles Guido y Rivadavia, frente al hospital zonal\u2014 han complicado las ventas y el acceso de los clientes.<\/p>\n\n\n\n<blockquote class=\"wp-block-quote is-layout-flow wp-block-quote-is-layout-flow\">\n<p><em>\u00abHay una ausencia de criterio hacia el comerciante. Si pon\u00e9s estacionamiento prohibido de un lado y del otro ten\u00e9s la bicisenda sin pensar en refuncionalizar, los comercios de la zona se ven completamente afectados\u00bb<\/em>, argument\u00f3.<\/p>\n<\/blockquote>\n\n\n\n<h3 class=\"wp-block-heading\">Escenario electoral y construcci\u00f3n partidaria<\/h3>\n\n\n\n<p>Si bien aclar\u00f3 que a\u00fan no existen candidaturas formalizadas de cara a los pr\u00f3ximos turnos electorales y que las decisiones se tomar\u00e1n oportunamente, Torres dej\u00f3 abiertas las puertas ante una eventual postulaci\u00f3n a la intendencia viedmense.<\/p>\n\n\n\n<p>Finalmente, destac\u00f3 que La Libertad Avanza contin\u00faa expandi\u00e9ndose en la provincia de R\u00edo Negro mediante el armado de equipos profesionales, la discusi\u00f3n de la Carta Org\u00e1nica en Bariloche y el debate de ideas para definir proyectos de gobierno locales sin recurrir a confrontaciones personales.<\/p>\n\n\n\n<p><\/p>\n<div class=\"fb-background-color\">\n\t\t\t  <div \n\t\t\t  \tclass = \"fb-comments\" \n\t\t\t  \tdata-href = \"https:\/\/www.elpolitologoyelpolitico.com.ar\/wordpress\/2026\/08\/30\/damian-torres-proyecta-un-plan-de-gobierno-para-viedma\/\"\n\t\t\t  \tdata-numposts = \"10\"\n\t\t\t  \tdata-lazy = \"true\"\n\t\t\t\tdata-colorscheme = \"light\"\n\t\t\t\tdata-order-by = \"social\"\n\t\t\t\tdata-mobile=true>\n\t\t\t  <\/div><\/div>\n\t\t  <style>\n\t\t    .fb-background-color {\n\t\t\t\tbackground: #ffffff !important;\n\t\t\t}\n\t\t\t.fb_iframe_widget_fluid_desktop iframe {\n\t\t\t    width: 100% !important;\n\t\t\t}\n\t\t  <\/style>\n\t\t  ","protected":false},"excerpt":{"rendered":"<p>En entrevista el abogado y referente pol\u00edtico Dami\u00e1n Torres, para el programa El Polit\u00f3logo y el Pol\u00edtico, repas\u00f3 los ejes centrales de su trabajo territorial en la capital rionegrina a trav\u00e9s de la iniciativa \u00abViedma Libre\u00bb. \u00abViedma Libre\u00bb: Las tres urgencias de la capital y una transformaci\u00f3n econ\u00f3mica En el plano pol\u00edtico y consultado por [&hellip;]<\/p>\n","protected":false},"author":4,"featured_media":47340,"comment_status":"closed","ping_status":"closed","sticky":false,"template":"","format":"standard","meta":{"_joinchat":[],"footnotes":""},"categories":[39],"tags":[],"class_list":["post-47338","post","type-post","status-publish","format-standard","has-post-thumbnail","hentry","category-en-esta-seccion"],"_links":{"self":[{"href":"https:\/\/www.elpolitologoyelpolitico.com.ar\/wordpress\/wp-json\/wp\/v2\/posts\/47338","targetHints":{"allow":["GET"]}}],"collection":[{"href":"https:\/\/www.elpolitologoyelpolitico.com.ar\/wordpress\/wp-json\/wp\/v2\/posts"}],"about":[{"href":"https:\/\/www.elpolitologoyelpolitico.com.ar\/wordpress\/wp-json\/wp\/v2\/types\/post"}],"author":[{"embeddable":true,"href":"https:\/\/www.elpolitologoyelpolitico.com.ar\/wordpress\/wp-json\/wp\/v2\/users\/4"}],"replies":[{"embeddable":true,"href":"https:\/\/www.elpolitologoyelpolitico.com.ar\/wordpress\/wp-json\/wp\/v2\/comments?post=47338"}],"version-history":[{"count":3,"href":"https:\/\/www.elpolitologoyelpolitico.com.ar\/wordpress\/wp-json\/wp\/v2\/posts\/47338\/revisions"}],"predecessor-version":[{"id":47346,"href":"https:\/\/www.elpolitologoyelpolitico.com.ar\/wordpress\/wp-json\/wp\/v2\/posts\/47338\/revisions\/47346"}],"wp:featuredmedia":[{"embeddable":true,"href":"https:\/\/www.elpolitologoyelpolitico.com.ar\/wordpress\/wp-json\/wp\/v2\/media\/47340"}],"wp:attachment":[{"href":"https:\/\/www.elpolitologoyelpolitico.com.ar\/wordpress\/wp-json\/wp\/v2\/media?parent=47338"}],"wp:term":[{"taxonomy":"category","embeddable":true,"href":"https:\/\/www.elpolitologoyelpolitico.com.ar\/wordpress\/wp-json\/wp\/v2\/categories?post=47338"},{"taxonomy":"post_tag","embeddable":true,"href":"https:\/\/www.elpolitologoyelpolitico.com.ar\/wordpress\/wp-json\/wp\/v2\/tags?post=47338"}],"curies":[{"name":"wp","href":"https:\/\/api.w.org\/{rel}","templated":true}]}}