{"id":4602,"date":"2021-06-23T19:04:30","date_gmt":"2021-06-23T19:04:30","guid":{"rendered":"https:\/\/www.elpolitologoyelpolitico.com.ar\/wordpress\/?p=4602"},"modified":"2021-06-23T19:05:03","modified_gmt":"2021-06-23T19:05:03","slug":"campana-solidaria-por-angel-munoz","status":"publish","type":"post","link":"https:\/\/www.elpolitologoyelpolitico.com.ar\/wordpress\/2021\/06\/23\/campana-solidaria-por-angel-munoz\/","title":{"rendered":"Campa\u00f1a solidaria por \u00c1ngel Mu\u00f1oz"},"content":{"rendered":"\t\t<div data-elementor-type=\"wp-post\" data-elementor-id=\"4602\" class=\"elementor elementor-4602\">\n\t\t\t\t\t\t<section class=\"elementor-section elementor-top-section elementor-element elementor-element-27736e72 elementor-section-boxed elementor-section-height-default elementor-section-height-default\" data-id=\"27736e72\" data-element_type=\"section\" data-e-type=\"section\">\n\t\t\t\t\t\t<div class=\"elementor-container elementor-column-gap-default\">\n\t\t\t\t\t<div class=\"elementor-column elementor-col-100 elementor-top-column elementor-element elementor-element-68b5d366\" data-id=\"68b5d366\" data-element_type=\"column\" data-e-type=\"column\">\n\t\t\t<div class=\"elementor-widget-wrap elementor-element-populated\">\n\t\t\t\t\t\t<div class=\"elementor-element elementor-element-7fa1f624 elementor-widget elementor-widget-text-editor\" data-id=\"7fa1f624\" data-element_type=\"widget\" data-e-type=\"widget\" data-widget_type=\"text-editor.default\">\n\t\t\t\t<div class=\"elementor-widget-container\">\n\t\t\t\t\t\t\t\t\t\n<p>Viviana Amado es una vecina de la Comarca y profesora de zumba.&nbsp;&nbsp;<\/p>\n\n\n\n<p>Viene llevando a cabo una campa\u00f1a solidaria con el fin de colaborar con su colega \u00c1ngel Mu\u00f1oz quien sufri\u00f3 un accidente en una de sus piernas.&nbsp;<\/p>\n\n\n\n<p>Bajo esta propuesta, junto a otros compa\u00f1eros pretenden recolectar elementos (gasas, ap\u00f3sitos, alcohol, guantes) para poder ayudar a la familia con los gastos.&nbsp;&nbsp;<\/p>\n\n\n\n<p>Las personas o instituciones que quieran colaborar monetariamente podr\u00e1n realizarlo a una cuenta CVU de manera voluntaria a trav\u00e9s de mercado pago.&nbsp;<\/p>\n\n\n\n<p>Se pueden comunicar al celular 2920-249164 (Viviana Amado) y acercar las donaciones al club La Loma los d\u00edas martes y jueves de 15 a 16hs.<\/p>\n\t\t\t\t\t\t\t\t<\/div>\n\t\t\t\t<\/div>\n\t\t\t\t\t<\/div>\n\t\t<\/div>\n\t\t\t\t\t<\/div>\n\t\t<\/section>\n\t\t\t\t<\/div>\n\t\t<div class=\"fb-background-color\">\n\t\t\t  <div \n\t\t\t  \tclass = \"fb-comments\" \n\t\t\t  \tdata-href = \"https:\/\/www.elpolitologoyelpolitico.com.ar\/wordpress\/2021\/06\/23\/campana-solidaria-por-angel-munoz\/\"\n\t\t\t  \tdata-numposts = \"10\"\n\t\t\t  \tdata-lazy = \"true\"\n\t\t\t\tdata-colorscheme = \"light\"\n\t\t\t\tdata-order-by = \"social\"\n\t\t\t\tdata-mobile=true>\n\t\t\t  <\/div><\/div>\n\t\t  <style>\n\t\t    .fb-background-color {\n\t\t\t\tbackground: #ffffff !important;\n\t\t\t}\n\t\t\t.fb_iframe_widget_fluid_desktop iframe {\n\t\t\t    width: 100% !important;\n\t\t\t}\n\t\t  <\/style>\n\t\t  ","protected":false},"excerpt":{"rendered":"<p>Viviana Amado es una vecina de la Comarca y profesora de zumba.&nbsp;&nbsp; Viene llevando a cabo una campa\u00f1a solidaria con el fin de colaborar con su colega \u00c1ngel Mu\u00f1oz quien sufri\u00f3 un accidente en una de sus piernas.&nbsp; Bajo esta propuesta, junto a otros compa\u00f1eros pretenden recolectar elementos (gasas, ap\u00f3sitos, alcohol, guantes) para poder ayudar [&hellip;]<\/p>\n","protected":false},"author":4,"featured_media":4603,"comment_status":"closed","ping_status":"closed","sticky":false,"template":"","format":"standard","meta":{"_joinchat":[],"footnotes":""},"categories":[3],"tags":[],"class_list":["post-4602","post","type-post","status-publish","format-standard","has-post-thumbnail","hentry","category-actores-sociales"],"_links":{"self":[{"href":"https:\/\/www.elpolitologoyelpolitico.com.ar\/wordpress\/wp-json\/wp\/v2\/posts\/4602","targetHints":{"allow":["GET"]}}],"collection":[{"href":"https:\/\/www.elpolitologoyelpolitico.com.ar\/wordpress\/wp-json\/wp\/v2\/posts"}],"about":[{"href":"https:\/\/www.elpolitologoyelpolitico.com.ar\/wordpress\/wp-json\/wp\/v2\/types\/post"}],"author":[{"embeddable":true,"href":"https:\/\/www.elpolitologoyelpolitico.com.ar\/wordpress\/wp-json\/wp\/v2\/users\/4"}],"replies":[{"embeddable":true,"href":"https:\/\/www.elpolitologoyelpolitico.com.ar\/wordpress\/wp-json\/wp\/v2\/comments?post=4602"}],"version-history":[{"count":0,"href":"https:\/\/www.elpolitologoyelpolitico.com.ar\/wordpress\/wp-json\/wp\/v2\/posts\/4602\/revisions"}],"wp:featuredmedia":[{"embeddable":true,"href":"https:\/\/www.elpolitologoyelpolitico.com.ar\/wordpress\/wp-json\/wp\/v2\/media\/4603"}],"wp:attachment":[{"href":"https:\/\/www.elpolitologoyelpolitico.com.ar\/wordpress\/wp-json\/wp\/v2\/media?parent=4602"}],"wp:term":[{"taxonomy":"category","embeddable":true,"href":"https:\/\/www.elpolitologoyelpolitico.com.ar\/wordpress\/wp-json\/wp\/v2\/categories?post=4602"},{"taxonomy":"post_tag","embeddable":true,"href":"https:\/\/www.elpolitologoyelpolitico.com.ar\/wordpress\/wp-json\/wp\/v2\/tags?post=4602"}],"curies":[{"name":"wp","href":"https:\/\/api.w.org\/{rel}","templated":true}]}}