{"id":4534,"date":"2021-06-22T19:25:38","date_gmt":"2021-06-22T19:25:38","guid":{"rendered":"https:\/\/www.elpolitologoyelpolitico.com.ar\/wordpress\/?p=4534"},"modified":"2021-06-22T19:30:24","modified_gmt":"2021-06-22T19:30:24","slug":"insistimos-en-el-convenio-colectivo-porque-cambiaria-nuestro-modo-de-vivir","status":"publish","type":"post","link":"https:\/\/www.elpolitologoyelpolitico.com.ar\/wordpress\/2021\/06\/22\/insistimos-en-el-convenio-colectivo-porque-cambiaria-nuestro-modo-de-vivir\/","title":{"rendered":"\u201cInsistimos en el convenio colectivo porque cambiaria nuestro modo de vivir\u201d"},"content":{"rendered":"\n<figure class=\"wp-block-audio\"><audio controls src=\"https:\/\/www.elpolitologoyelpolitico.com.ar\/wp-content\/uploads\/2021\/06\/AUD-20210622-WA0010-online-audio-converter.com_.mp3\"><\/audio><\/figure>\n\n\n\n<p>Mariela Victorica, integrante de enfermeros autoconvocados expres\u00f3  que ante los pedidos realizados mediante notas y reclamos, a\u00fan no han recibido una respuesta por la situaci\u00f3n que se encuentran atravesando los trabajadores de salud con respecto a su salario. <\/p>\n\n\n\n<p>Victorica manifest\u00f3  \u201cInsistimos en el convenio colectivo porque cambiaria nuestro modo de vivir y uno cuando piensa, piensa en todos. Si se instala el convenio colectivo en el municipio todos los sueldos cambiar\u00edan para los empleados municipales\u201d. <\/p>\n\n\n\n<p>Adem\u00e1s agreg\u00f3 \u201cLa persona que esta como intendente le debe al pueblo. Es el tiempo de cambiar la mirada en aquellos que se postulan y no dan beneficio a nada, estamos cansados de eso\u201d. <\/p>\n\n\n\n<p>Por otra parte destac\u00f3 que el abrazo simb\u00f3lico durante el d\u00eda viernes fue muy favorable y que ante la falta de respuesta se realizar\u00e1n nuevos reclamos. <\/p>\n\n\n\n<p>Victorica indic\u00f3  \u201cDurante estos d\u00edas nos vamos a acercar al ministerio de trabajo para poder gestionar los reclamos correspondientes\u201d. <\/p>\n<div class=\"fb-background-color\">\n\t\t\t  <div \n\t\t\t  \tclass = \"fb-comments\" \n\t\t\t  \tdata-href = \"https:\/\/www.elpolitologoyelpolitico.com.ar\/wordpress\/2021\/06\/22\/insistimos-en-el-convenio-colectivo-porque-cambiaria-nuestro-modo-de-vivir\/\"\n\t\t\t  \tdata-numposts = \"10\"\n\t\t\t  \tdata-lazy = \"true\"\n\t\t\t\tdata-colorscheme = \"light\"\n\t\t\t\tdata-order-by = \"social\"\n\t\t\t\tdata-mobile=true>\n\t\t\t  <\/div><\/div>\n\t\t  <style>\n\t\t    .fb-background-color {\n\t\t\t\tbackground: #ffffff !important;\n\t\t\t}\n\t\t\t.fb_iframe_widget_fluid_desktop iframe {\n\t\t\t    width: 100% !important;\n\t\t\t}\n\t\t  <\/style>\n\t\t  ","protected":false},"excerpt":{"rendered":"<p>Mariela Victorica, integrante de enfermeros autoconvocados expres\u00f3 que ante los pedidos realizados mediante notas y reclamos, a\u00fan no han recibido una respuesta por la situaci\u00f3n que se encuentran atravesando los trabajadores de salud con respecto a su salario. Victorica manifest\u00f3 \u201cInsistimos en el convenio colectivo porque cambiaria nuestro modo de vivir y uno cuando piensa, [&hellip;]<\/p>\n","protected":false},"author":4,"featured_media":4537,"comment_status":"closed","ping_status":"closed","sticky":false,"template":"","format":"standard","meta":{"_joinchat":[],"footnotes":""},"categories":[3],"tags":[],"class_list":["post-4534","post","type-post","status-publish","format-standard","has-post-thumbnail","hentry","category-actores-sociales"],"_links":{"self":[{"href":"https:\/\/www.elpolitologoyelpolitico.com.ar\/wordpress\/wp-json\/wp\/v2\/posts\/4534","targetHints":{"allow":["GET"]}}],"collection":[{"href":"https:\/\/www.elpolitologoyelpolitico.com.ar\/wordpress\/wp-json\/wp\/v2\/posts"}],"about":[{"href":"https:\/\/www.elpolitologoyelpolitico.com.ar\/wordpress\/wp-json\/wp\/v2\/types\/post"}],"author":[{"embeddable":true,"href":"https:\/\/www.elpolitologoyelpolitico.com.ar\/wordpress\/wp-json\/wp\/v2\/users\/4"}],"replies":[{"embeddable":true,"href":"https:\/\/www.elpolitologoyelpolitico.com.ar\/wordpress\/wp-json\/wp\/v2\/comments?post=4534"}],"version-history":[{"count":0,"href":"https:\/\/www.elpolitologoyelpolitico.com.ar\/wordpress\/wp-json\/wp\/v2\/posts\/4534\/revisions"}],"wp:featuredmedia":[{"embeddable":true,"href":"https:\/\/www.elpolitologoyelpolitico.com.ar\/wordpress\/wp-json\/wp\/v2\/media\/4537"}],"wp:attachment":[{"href":"https:\/\/www.elpolitologoyelpolitico.com.ar\/wordpress\/wp-json\/wp\/v2\/media?parent=4534"}],"wp:term":[{"taxonomy":"category","embeddable":true,"href":"https:\/\/www.elpolitologoyelpolitico.com.ar\/wordpress\/wp-json\/wp\/v2\/categories?post=4534"},{"taxonomy":"post_tag","embeddable":true,"href":"https:\/\/www.elpolitologoyelpolitico.com.ar\/wordpress\/wp-json\/wp\/v2\/tags?post=4534"}],"curies":[{"name":"wp","href":"https:\/\/api.w.org\/{rel}","templated":true}]}}