{"id":45289,"date":"2026-05-01T21:01:00","date_gmt":"2026-05-02T00:01:00","guid":{"rendered":"https:\/\/www.elpolitologoyelpolitico.com.ar\/wordpress\/?p=45289"},"modified":"2026-05-01T18:14:22","modified_gmt":"2026-05-01T21:14:22","slug":"el-peronismo-kirchnerista-se-reorganiza-mas-de-4000-personas-entre-militantes-y-dirigentes-pero-sin-candidatos-definidos","status":"publish","type":"post","link":"https:\/\/www.elpolitologoyelpolitico.com.ar\/wordpress\/2026\/05\/01\/el-peronismo-kirchnerista-se-reorganiza-mas-de-4000-personas-entre-militantes-y-dirigentes-pero-sin-candidatos-definidos\/","title":{"rendered":"El peronismo kirchnerista se reorganiza: M\u00e1s de 4000 personas entre militantes y dirigentes pero sin candidatos definidos"},"content":{"rendered":"\n<p>En una jornada que combin\u00f3 militancia con un fuerte tono t\u00e9cnico y federal, el peronismo dio un paso hacia su reorganizaci\u00f3n. El complejo de Parque Norte (CABA) fue el escenario de un encuentro multitudinario que reuni\u00f3 a 4.092 dirigentes y militantes bajo una premisa compartida: reconstruir un programa de gobierno s\u00f3lido antes de discutir nombres para las listas.<\/p>\n\n\n\n<p id=\"p-rc_e0a9d2580a0bd132-19\">Bajo la organizaci\u00f3n de figuras como Juan Manuel Olmos (titular de la AGN), la diputada Victoria Tolosa Paz, el ex titular de Aduana Guillermo Michel y el intendente de Pilar, Federico Ach\u00e1val, el evento se denomin\u00f3 como un \u00abproceso colectivo de debate transversal\u00bb.<\/p>\n\n\n\n<p>El discurso de apertura, a cargo de Olmos, sent\u00f3 las bases pol\u00edticas del encuentro<strong>. \u00abEsto no es contra ning\u00fan compa\u00f1ero ni compa\u00f1era. Tenemos que volver en el 2027 y no cometer los errores que cometimos. Sin las internas que tuvimos y yendo todos para el mismo lado\u00bb<\/strong>, afirm\u00f3, en una clara alusi\u00f3n a las fracturas que debilitaron la \u00faltima gesti\u00f3n peronista.<\/p>\n\n\n\n<p>La estrategia de los organizadores fue deliberada: no hablar de candidaturas. En el entorno de la mesa chica del espacio sostienen que los nombres propios \u00ablimitan los armados y las ideas\u00bb. Al evitar la postulaci\u00f3n de un referente \u00fanico, lograron atraer a una diversidad de sectores que incluy\u00f3 desde concejales e intendentes hasta legisladores nacionales y ex gobernadores de todas las provincias.<\/p>\n\n\n\n<p>A diferencia de otros actos pol\u00edticos centrados en la ret\u00f3rica, la jornada de hoy cont\u00f3 con tres paneles t\u00e9cnicos enfocados en la producci\u00f3n, el trabajo y el desarrollo federal. Uno de los puntos m\u00e1s destacados fue la postura respecto al d\u00e9ficit fiscal.<\/p>\n\n\n\n<p>La amplitud de la convocatoria no pas\u00f3 inadvertida para el resto de la coalici\u00f3n. Seg\u00fan confirmaron fuentes de la organizaci\u00f3n, los principales referentes del movimiento, Cristina Kirchner, Axel Kicillof y Sergio Massa, as\u00ed como los gobernadores peronistas, estaban al tanto y dieron su aprobaci\u00f3n para el evento.<\/p>\n<div class=\"fb-background-color\">\n\t\t\t  <div \n\t\t\t  \tclass = \"fb-comments\" \n\t\t\t  \tdata-href = \"https:\/\/www.elpolitologoyelpolitico.com.ar\/wordpress\/2026\/05\/01\/el-peronismo-kirchnerista-se-reorganiza-mas-de-4000-personas-entre-militantes-y-dirigentes-pero-sin-candidatos-definidos\/\"\n\t\t\t  \tdata-numposts = \"10\"\n\t\t\t  \tdata-lazy = \"true\"\n\t\t\t\tdata-colorscheme = \"light\"\n\t\t\t\tdata-order-by = \"social\"\n\t\t\t\tdata-mobile=true>\n\t\t\t  <\/div><\/div>\n\t\t  <style>\n\t\t    .fb-background-color {\n\t\t\t\tbackground: #ffffff !important;\n\t\t\t}\n\t\t\t.fb_iframe_widget_fluid_desktop iframe {\n\t\t\t    width: 100% !important;\n\t\t\t}\n\t\t  <\/style>\n\t\t  ","protected":false},"excerpt":{"rendered":"<p>En una jornada que combin\u00f3 militancia con un fuerte tono t\u00e9cnico y federal, el peronismo dio un paso hacia su reorganizaci\u00f3n. El complejo de Parque Norte (CABA) fue el escenario de un encuentro multitudinario que reuni\u00f3 a 4.092 dirigentes y militantes bajo una premisa compartida: reconstruir un programa de gobierno s\u00f3lido antes de discutir nombres [&hellip;]<\/p>\n","protected":false},"author":4,"featured_media":45290,"comment_status":"closed","ping_status":"closed","sticky":false,"template":"","format":"standard","meta":{"_joinchat":[],"footnotes":""},"categories":[21],"tags":[],"class_list":["post-45289","post","type-post","status-publish","format-standard","has-post-thumbnail","hentry","category-actores-politicos"],"_links":{"self":[{"href":"https:\/\/www.elpolitologoyelpolitico.com.ar\/wordpress\/wp-json\/wp\/v2\/posts\/45289","targetHints":{"allow":["GET"]}}],"collection":[{"href":"https:\/\/www.elpolitologoyelpolitico.com.ar\/wordpress\/wp-json\/wp\/v2\/posts"}],"about":[{"href":"https:\/\/www.elpolitologoyelpolitico.com.ar\/wordpress\/wp-json\/wp\/v2\/types\/post"}],"author":[{"embeddable":true,"href":"https:\/\/www.elpolitologoyelpolitico.com.ar\/wordpress\/wp-json\/wp\/v2\/users\/4"}],"replies":[{"embeddable":true,"href":"https:\/\/www.elpolitologoyelpolitico.com.ar\/wordpress\/wp-json\/wp\/v2\/comments?post=45289"}],"version-history":[{"count":1,"href":"https:\/\/www.elpolitologoyelpolitico.com.ar\/wordpress\/wp-json\/wp\/v2\/posts\/45289\/revisions"}],"predecessor-version":[{"id":45291,"href":"https:\/\/www.elpolitologoyelpolitico.com.ar\/wordpress\/wp-json\/wp\/v2\/posts\/45289\/revisions\/45291"}],"wp:featuredmedia":[{"embeddable":true,"href":"https:\/\/www.elpolitologoyelpolitico.com.ar\/wordpress\/wp-json\/wp\/v2\/media\/45290"}],"wp:attachment":[{"href":"https:\/\/www.elpolitologoyelpolitico.com.ar\/wordpress\/wp-json\/wp\/v2\/media?parent=45289"}],"wp:term":[{"taxonomy":"category","embeddable":true,"href":"https:\/\/www.elpolitologoyelpolitico.com.ar\/wordpress\/wp-json\/wp\/v2\/categories?post=45289"},{"taxonomy":"post_tag","embeddable":true,"href":"https:\/\/www.elpolitologoyelpolitico.com.ar\/wordpress\/wp-json\/wp\/v2\/tags?post=45289"}],"curies":[{"name":"wp","href":"https:\/\/api.w.org\/{rel}","templated":true}]}}