{"id":45286,"date":"2026-05-01T21:00:00","date_gmt":"2026-05-02T00:00:00","guid":{"rendered":"https:\/\/www.elpolitologoyelpolitico.com.ar\/wordpress\/?p=45286"},"modified":"2026-05-01T17:59:21","modified_gmt":"2026-05-01T20:59:21","slug":"patria-grande-se-consolida-en-rio-negro-el-partido-de-juan-grabois-ya-tiene-nuevas-autoridades","status":"publish","type":"post","link":"https:\/\/www.elpolitologoyelpolitico.com.ar\/wordpress\/2026\/05\/01\/patria-grande-se-consolida-en-rio-negro-el-partido-de-juan-grabois-ya-tiene-nuevas-autoridades\/","title":{"rendered":"Patria Grande se consolida en R\u00edo Negro: el partido de Juan Grabois ya tiene nuevas autoridades"},"content":{"rendered":"\n<p>En un paso clave para su institucionalizaci\u00f3n, Patria Grande, el espacio pol\u00edtico que lidera a nivel nacional Juan Grabois, llev\u00f3 adelante este viernes un plenario en la ciudad de General Roca donde quedaron consagradas sus nuevas autoridades en la provincia de R\u00edo Negro. Tras un proceso de reorganizaci\u00f3n interna, el partido logr\u00f3 avanzar con una lista de unidad, buscando proyectar una alternativa pol\u00edtica s\u00f3lida en la regi\u00f3n.<\/p>\n\n\n\n<p>La nueva conducci\u00f3n refleja un equilibrio territorial, integrando referentes de los principales puntos de la provincia. La presidencia qued\u00f3 en manos de Alejandro Palmas, dirigente de San Carlos de Bariloche, ciudad donde el espacio obtuvo un hist\u00f3rico 13,2% de los votos en las PASO presidenciales de 2023. Lo acompa\u00f1an Anah\u00ed Ben\u00edtez (Cinco Saltos) en la vicepresidencia, Rosario Jim\u00e9nez (Roca) en la Secretar\u00eda General y Julieta Parente (Viedma) en la Tesorer\u00eda.<\/p>\n\n\n\n<p>Juan Manuel Sosa, referente provincial del espacio, destac\u00f3 la importancia de este hito: <strong>\u00abConsolidar esta herramienta electoral nos permite posicionarnos de otra manera como organizaci\u00f3n. Queremos empezar a construir representaciones locales para fortalecer la presencia territorial\u00bb<\/strong>, afirm\u00f3 en di\u00e1logo con la prensa.<\/p>\n\n\n\n<p>El plenario cont\u00f3 con la participaci\u00f3n de m\u00e1s de 110 militantes provenientes de localidades como Cipolletti, Regina, R\u00edo Colorado, y tambi\u00e9n de la Regi\u00f3n Sur, como Jacobacci y Maquinchao. Con un padr\u00f3n que ya supera los 2.800 afiliados, el partido busca ahora completar su esquema institucional con la elecci\u00f3n de la Mesa Ejecutiva y la Junta de Disciplina hacia mediados de este a\u00f1o.<\/p>\n\n\n\n<p>Desde Patria Grande se\u00f1alaron que la formalizaci\u00f3n de sus autoridades no es solo un tr\u00e1mite administrativo, sino una apuesta pol\u00edtica para ampliar consensos dentro del peronismo y sectores aliados. El objetivo, seg\u00fan indicaron, es construir una alternativa que pueda frenar el actual modelo econ\u00f3mico y proponer un aparato productivo que combata \u00abel hambre y la miseria\u00bb en la provincia.<\/p>\n\n\n\n<p>Con este movimiento, el \u00abpartido de Grabois\u00bb deja de ser solo un movimiento social para transformarse en una estructura partidaria con papeles en regla, lista para disputar poder real en el escenario rionegrino en los pr\u00f3ximos turnos electorales.<\/p>\n\n\n\n<p><\/p>\n<div class=\"fb-background-color\">\n\t\t\t  <div \n\t\t\t  \tclass = \"fb-comments\" \n\t\t\t  \tdata-href = \"https:\/\/www.elpolitologoyelpolitico.com.ar\/wordpress\/2026\/05\/01\/patria-grande-se-consolida-en-rio-negro-el-partido-de-juan-grabois-ya-tiene-nuevas-autoridades\/\"\n\t\t\t  \tdata-numposts = \"10\"\n\t\t\t  \tdata-lazy = \"true\"\n\t\t\t\tdata-colorscheme = \"light\"\n\t\t\t\tdata-order-by = \"social\"\n\t\t\t\tdata-mobile=true>\n\t\t\t  <\/div><\/div>\n\t\t  <style>\n\t\t    .fb-background-color {\n\t\t\t\tbackground: #ffffff !important;\n\t\t\t}\n\t\t\t.fb_iframe_widget_fluid_desktop iframe {\n\t\t\t    width: 100% !important;\n\t\t\t}\n\t\t  <\/style>\n\t\t  ","protected":false},"excerpt":{"rendered":"<p>En un paso clave para su institucionalizaci\u00f3n, Patria Grande, el espacio pol\u00edtico que lidera a nivel nacional Juan Grabois, llev\u00f3 adelante este viernes un plenario en la ciudad de General Roca donde quedaron consagradas sus nuevas autoridades en la provincia de R\u00edo Negro. Tras un proceso de reorganizaci\u00f3n interna, el partido logr\u00f3 avanzar con una [&hellip;]<\/p>\n","protected":false},"author":4,"featured_media":45287,"comment_status":"closed","ping_status":"closed","sticky":false,"template":"","format":"standard","meta":{"_joinchat":[],"footnotes":""},"categories":[39],"tags":[],"class_list":["post-45286","post","type-post","status-publish","format-standard","has-post-thumbnail","hentry","category-en-esta-seccion"],"_links":{"self":[{"href":"https:\/\/www.elpolitologoyelpolitico.com.ar\/wordpress\/wp-json\/wp\/v2\/posts\/45286","targetHints":{"allow":["GET"]}}],"collection":[{"href":"https:\/\/www.elpolitologoyelpolitico.com.ar\/wordpress\/wp-json\/wp\/v2\/posts"}],"about":[{"href":"https:\/\/www.elpolitologoyelpolitico.com.ar\/wordpress\/wp-json\/wp\/v2\/types\/post"}],"author":[{"embeddable":true,"href":"https:\/\/www.elpolitologoyelpolitico.com.ar\/wordpress\/wp-json\/wp\/v2\/users\/4"}],"replies":[{"embeddable":true,"href":"https:\/\/www.elpolitologoyelpolitico.com.ar\/wordpress\/wp-json\/wp\/v2\/comments?post=45286"}],"version-history":[{"count":1,"href":"https:\/\/www.elpolitologoyelpolitico.com.ar\/wordpress\/wp-json\/wp\/v2\/posts\/45286\/revisions"}],"predecessor-version":[{"id":45288,"href":"https:\/\/www.elpolitologoyelpolitico.com.ar\/wordpress\/wp-json\/wp\/v2\/posts\/45286\/revisions\/45288"}],"wp:featuredmedia":[{"embeddable":true,"href":"https:\/\/www.elpolitologoyelpolitico.com.ar\/wordpress\/wp-json\/wp\/v2\/media\/45287"}],"wp:attachment":[{"href":"https:\/\/www.elpolitologoyelpolitico.com.ar\/wordpress\/wp-json\/wp\/v2\/media?parent=45286"}],"wp:term":[{"taxonomy":"category","embeddable":true,"href":"https:\/\/www.elpolitologoyelpolitico.com.ar\/wordpress\/wp-json\/wp\/v2\/categories?post=45286"},{"taxonomy":"post_tag","embeddable":true,"href":"https:\/\/www.elpolitologoyelpolitico.com.ar\/wordpress\/wp-json\/wp\/v2\/tags?post=45286"}],"curies":[{"name":"wp","href":"https:\/\/api.w.org\/{rel}","templated":true}]}}