{"id":45283,"date":"2026-05-01T17:44:31","date_gmt":"2026-05-01T20:44:31","guid":{"rendered":"https:\/\/www.elpolitologoyelpolitico.com.ar\/wordpress\/?p=45283"},"modified":"2026-05-01T17:44:32","modified_gmt":"2026-05-01T20:44:32","slug":"tragedia-en-neuquen-un-hombre-le-quito-la-vida-a-un-joven-de-29-anos-a-punaladas-en-el-barrio-islas-malvinas","status":"publish","type":"post","link":"https:\/\/www.elpolitologoyelpolitico.com.ar\/wordpress\/2026\/05\/01\/tragedia-en-neuquen-un-hombre-le-quito-la-vida-a-un-joven-de-29-anos-a-punaladas-en-el-barrio-islas-malvinas\/","title":{"rendered":"Tragedia en Neuqu\u00e9n: Un hombre le quit\u00f3 la vida a un joven de 29 a\u00f1os a pu\u00f1aladas en el barrio Islas Malvinas"},"content":{"rendered":"\n<p>La violencia urbana volvi\u00f3 a golpear con fuerza a la capital provincial. Este viernes, el barrio Islas Malvinas se convirti\u00f3 en el escenario de un caso que conmocion\u00f3 a los vecinos: un joven de 29 a\u00f1os fue asesinado a plena luz del d\u00eda tras ser atacado con un arma blanca por un hombre que caminaba por el sector.<\/p>\n\n\n\n<p>El hecho se registr\u00f3 en horas de la tarde en las inmediaciones de la calle Batilana. Seg\u00fan las primeras informaciones y los testimonios recabados en el lugar, la v\u00edctima, cuya identidad no ha sido difundida oficialmente, se encontraba en la v\u00eda p\u00fablica cuando fue interceptada por el agresor, quien ser\u00eda un vecino de la zona.<\/p>\n\n\n\n<p>Tras un intercambio de palabras que escal\u00f3 r\u00e1pidamente, el atacante extrajo un cuchillo de entre sus ropas y le propin\u00f3 al menos una herida certera a la altura del pecho. El joven cay\u00f3 gravemente herido sobre la vereda mientras el agresor se daba a la fuga.<\/p>\n\n\n\n<p>Efectivos de la Comisar\u00eda Tercera y personal del SIEN (Sistema Integrado de Emergencias de Neuqu\u00e9n) arribaron al lugar tras el alerta de los testigos. A pesar de las maniobras de reanimaci\u00f3n y el r\u00e1pido traslado al hospital de mayor complejidad, los profesionales m\u00e9dicos confirmaron el deceso del joven pocos minutos despu\u00e9s de su ingreso debido a la gravedad de la lesi\u00f3n en el t\u00f3rax.<\/p>\n\n\n\n<p>En el lugar del crimen trabaj\u00f3 personal de Criminal\u00edstica y la unidad de Homicidios de la Polic\u00eda de Neuqu\u00e9n, bajo las \u00f3rdenes de la fiscal\u00eda de turno. Los peritos se centraron en el levantamiento de rastros y en la b\u00fasqueda de c\u00e1maras de seguridad que pudieran haber captado el momento exacto del ataque o la ruta de escape del sospechoso.<\/p>\n\n\n\n<p>Fuentes policiales indicaron que el presunto autor estar\u00eda identificado, ya que se tratar\u00eda de una persona conocida en el barrio con quien la v\u00edctima habr\u00eda tenido rencillas previas. Durante la tarde-noche del viernes, se despleg\u00f3 un importante operativo de saturaci\u00f3n en el sector para dar con el paradero del atacante y evitar posibles represalias entre familiares y allegados de los involucrados.<\/p>\n\n\n\n<p>El cuerpo de la v\u00edctima fue trasladado a la morgue judicial para la realizaci\u00f3n de la autopsia correspondiente, que determinar\u00e1 con precisi\u00f3n la cantidad de lesiones sufridas. La causa ha sido caratulada preventivamente como \u00abhomicidio\u00bb.<\/p>\n<div class=\"fb-background-color\">\n\t\t\t  <div \n\t\t\t  \tclass = \"fb-comments\" \n\t\t\t  \tdata-href = \"https:\/\/www.elpolitologoyelpolitico.com.ar\/wordpress\/2026\/05\/01\/tragedia-en-neuquen-un-hombre-le-quito-la-vida-a-un-joven-de-29-anos-a-punaladas-en-el-barrio-islas-malvinas\/\"\n\t\t\t  \tdata-numposts = \"10\"\n\t\t\t  \tdata-lazy = \"true\"\n\t\t\t\tdata-colorscheme = \"light\"\n\t\t\t\tdata-order-by = \"social\"\n\t\t\t\tdata-mobile=true>\n\t\t\t  <\/div><\/div>\n\t\t  <style>\n\t\t    .fb-background-color {\n\t\t\t\tbackground: #ffffff !important;\n\t\t\t}\n\t\t\t.fb_iframe_widget_fluid_desktop iframe {\n\t\t\t    width: 100% !important;\n\t\t\t}\n\t\t  <\/style>\n\t\t  ","protected":false},"excerpt":{"rendered":"<p>La violencia urbana volvi\u00f3 a golpear con fuerza a la capital provincial. Este viernes, el barrio Islas Malvinas se convirti\u00f3 en el escenario de un caso que conmocion\u00f3 a los vecinos: un joven de 29 a\u00f1os fue asesinado a plena luz del d\u00eda tras ser atacado con un arma blanca por un hombre que caminaba [&hellip;]<\/p>\n","protected":false},"author":4,"featured_media":45284,"comment_status":"closed","ping_status":"closed","sticky":false,"template":"","format":"standard","meta":{"_joinchat":[],"footnotes":""},"categories":[39],"tags":[],"class_list":["post-45283","post","type-post","status-publish","format-standard","has-post-thumbnail","hentry","category-en-esta-seccion"],"_links":{"self":[{"href":"https:\/\/www.elpolitologoyelpolitico.com.ar\/wordpress\/wp-json\/wp\/v2\/posts\/45283","targetHints":{"allow":["GET"]}}],"collection":[{"href":"https:\/\/www.elpolitologoyelpolitico.com.ar\/wordpress\/wp-json\/wp\/v2\/posts"}],"about":[{"href":"https:\/\/www.elpolitologoyelpolitico.com.ar\/wordpress\/wp-json\/wp\/v2\/types\/post"}],"author":[{"embeddable":true,"href":"https:\/\/www.elpolitologoyelpolitico.com.ar\/wordpress\/wp-json\/wp\/v2\/users\/4"}],"replies":[{"embeddable":true,"href":"https:\/\/www.elpolitologoyelpolitico.com.ar\/wordpress\/wp-json\/wp\/v2\/comments?post=45283"}],"version-history":[{"count":1,"href":"https:\/\/www.elpolitologoyelpolitico.com.ar\/wordpress\/wp-json\/wp\/v2\/posts\/45283\/revisions"}],"predecessor-version":[{"id":45285,"href":"https:\/\/www.elpolitologoyelpolitico.com.ar\/wordpress\/wp-json\/wp\/v2\/posts\/45283\/revisions\/45285"}],"wp:featuredmedia":[{"embeddable":true,"href":"https:\/\/www.elpolitologoyelpolitico.com.ar\/wordpress\/wp-json\/wp\/v2\/media\/45284"}],"wp:attachment":[{"href":"https:\/\/www.elpolitologoyelpolitico.com.ar\/wordpress\/wp-json\/wp\/v2\/media?parent=45283"}],"wp:term":[{"taxonomy":"category","embeddable":true,"href":"https:\/\/www.elpolitologoyelpolitico.com.ar\/wordpress\/wp-json\/wp\/v2\/categories?post=45283"},{"taxonomy":"post_tag","embeddable":true,"href":"https:\/\/www.elpolitologoyelpolitico.com.ar\/wordpress\/wp-json\/wp\/v2\/tags?post=45283"}],"curies":[{"name":"wp","href":"https:\/\/api.w.org\/{rel}","templated":true}]}}