{"id":45280,"date":"2026-05-01T13:05:08","date_gmt":"2026-05-01T16:05:08","guid":{"rendered":"https:\/\/www.elpolitologoyelpolitico.com.ar\/wordpress\/?p=45280"},"modified":"2026-05-01T13:05:09","modified_gmt":"2026-05-01T16:05:09","slug":"hito-historico-entra-en-vigencia-el-acuerdo-mercosur-union-europea-y-se-abre-una-nueva-era-para-las-exportaciones-argentinas","status":"publish","type":"post","link":"https:\/\/www.elpolitologoyelpolitico.com.ar\/wordpress\/2026\/05\/01\/hito-historico-entra-en-vigencia-el-acuerdo-mercosur-union-europea-y-se-abre-una-nueva-era-para-las-exportaciones-argentinas\/","title":{"rendered":"Hito hist\u00f3rico: Entra en vigencia el acuerdo Mercosur-Uni\u00f3n Europea y se abre una nueva era para las exportaciones argentinas"},"content":{"rendered":"\n<p>En una jornada que marca un antes y un despu\u00e9s para la pol\u00edtica exterior y econ\u00f3mica de la regi\u00f3n, este viernes 1\u00b0 de mayo entr\u00f3 oficialmente en vigencia el acuerdo comercial entre el Mercosur y la Uni\u00f3n Europea (UE). As\u00ed lo anunciaba la diputada nacional de La Libertad Avanza, Juliana Santill\u00e1n, en sus redes sociales (qui\u00e9n preside actualmente la Comisi\u00f3n de Relaciones Exteriores y Culto en la C\u00e1mara de Diputados de la Naci\u00f3n). El pacto da nacimiento a una de las zonas de libre comercio m\u00e1s grandes del planeta, integrando un mercado de m\u00e1s de 700 millones de consumidores que representan, en conjunto, el 30% del Producto Interno Bruto (PIB) mundial.<\/p>\n\n\n\n<p>La noticia fue celebrada por los principales l\u00edderes europeos. Ursula von der Leyen, presidenta de la Comisi\u00f3n Europea, destac\u00f3 que la aplicaci\u00f3n provisional del acuerdo permitir\u00e1 ver \u00abbeneficios tangibles\u00bb de forma inmediata. <strong>\u00abA partir de ahora, los aranceles empiezan a bajar\u00bb<\/strong>, sentenci\u00f3 la funcionaria, subrayando el acceso de las empresas de ambos bloques a nuevos mercados.<\/p>\n\n\n\n<p>El acuerdo establece una hoja de ruta clara para el intercambio de bienes y servicios. Argentina, como potencia agroindustrial, se posiciona para obtener beneficios directos en sectores clave, mientras que la industria europea buscar\u00e1 expandir su presencia en el cono sur.<\/p>\n\n\n\n<ul class=\"wp-block-list\">\n<li>Exportaciones del Mercosur a la UE: Se facilitar\u00e1 el ingreso de carne vacuna, aves de corral, az\u00facar, arroz, miel y soja.<\/li>\n\n\n\n<li>Exportaciones de la UE al Mercosur: El bloque europeo se ver\u00e1 favorecido en el env\u00edo de autom\u00f3viles, maquinaria, vinos y quesos.<\/li>\n<\/ul>\n\n\n\n<p>Para la Argentina, las proyecciones son optimistas pero exigen una transformaci\u00f3n estructural. Especialistas consultados coinciden en que el pa\u00eds tiene el potencial de duplicar sus exportaciones hacia Europa para el a\u00f1o 2030. No obstante, la letra chica del acuerdo tambi\u00e9n implica un reto de adaptaci\u00f3n. El tratado no solo contempla la reducci\u00f3n de aranceles y cuotas preferenciales, sino tambi\u00e9n un marco normativo estricto para la radicaci\u00f3n de inversiones y est\u00e1ndares de producci\u00f3n.<\/p>\n\n\n\n<p><strong>\u00abLas empresas argentinas deber\u00e1n cambiar su visi\u00f3n de negocios\u00bb<\/strong>, advierten los expertos. La competencia con productos europeos y la necesidad de cumplir con normativas ambientales y de calidad de la UE obligar\u00e1n a una modernizaci\u00f3n de los procesos productivos locales.<\/p>\n\n\n\n<p>Con la entrada en vigencia de este pacto, Argentina y sus socios regionales quedan integrados en una red de comercio que promete inversiones y estabilidad normativa, aunque el \u00e9xito final depender\u00e1 de la capacidad del sector privado para aprovechar las nuevas cuotas y de la agilidad del Estado para acompa\u00f1ar la transici\u00f3n hacia este nuevo paradigma de apertura econ\u00f3mica.<\/p>\n<div class=\"fb-background-color\">\n\t\t\t  <div \n\t\t\t  \tclass = \"fb-comments\" \n\t\t\t  \tdata-href = \"https:\/\/www.elpolitologoyelpolitico.com.ar\/wordpress\/2026\/05\/01\/hito-historico-entra-en-vigencia-el-acuerdo-mercosur-union-europea-y-se-abre-una-nueva-era-para-las-exportaciones-argentinas\/\"\n\t\t\t  \tdata-numposts = \"10\"\n\t\t\t  \tdata-lazy = \"true\"\n\t\t\t\tdata-colorscheme = \"light\"\n\t\t\t\tdata-order-by = \"social\"\n\t\t\t\tdata-mobile=true>\n\t\t\t  <\/div><\/div>\n\t\t  <style>\n\t\t    .fb-background-color {\n\t\t\t\tbackground: #ffffff !important;\n\t\t\t}\n\t\t\t.fb_iframe_widget_fluid_desktop iframe {\n\t\t\t    width: 100% !important;\n\t\t\t}\n\t\t  <\/style>\n\t\t  ","protected":false},"excerpt":{"rendered":"<p>En una jornada que marca un antes y un despu\u00e9s para la pol\u00edtica exterior y econ\u00f3mica de la regi\u00f3n, este viernes 1\u00b0 de mayo entr\u00f3 oficialmente en vigencia el acuerdo comercial entre el Mercosur y la Uni\u00f3n Europea (UE). As\u00ed lo anunciaba la diputada nacional de La Libertad Avanza, Juliana Santill\u00e1n, en sus redes sociales [&hellip;]<\/p>\n","protected":false},"author":4,"featured_media":45281,"comment_status":"closed","ping_status":"closed","sticky":false,"template":"","format":"standard","meta":{"_joinchat":[],"footnotes":""},"categories":[39],"tags":[],"class_list":["post-45280","post","type-post","status-publish","format-standard","has-post-thumbnail","hentry","category-en-esta-seccion"],"_links":{"self":[{"href":"https:\/\/www.elpolitologoyelpolitico.com.ar\/wordpress\/wp-json\/wp\/v2\/posts\/45280","targetHints":{"allow":["GET"]}}],"collection":[{"href":"https:\/\/www.elpolitologoyelpolitico.com.ar\/wordpress\/wp-json\/wp\/v2\/posts"}],"about":[{"href":"https:\/\/www.elpolitologoyelpolitico.com.ar\/wordpress\/wp-json\/wp\/v2\/types\/post"}],"author":[{"embeddable":true,"href":"https:\/\/www.elpolitologoyelpolitico.com.ar\/wordpress\/wp-json\/wp\/v2\/users\/4"}],"replies":[{"embeddable":true,"href":"https:\/\/www.elpolitologoyelpolitico.com.ar\/wordpress\/wp-json\/wp\/v2\/comments?post=45280"}],"version-history":[{"count":1,"href":"https:\/\/www.elpolitologoyelpolitico.com.ar\/wordpress\/wp-json\/wp\/v2\/posts\/45280\/revisions"}],"predecessor-version":[{"id":45282,"href":"https:\/\/www.elpolitologoyelpolitico.com.ar\/wordpress\/wp-json\/wp\/v2\/posts\/45280\/revisions\/45282"}],"wp:featuredmedia":[{"embeddable":true,"href":"https:\/\/www.elpolitologoyelpolitico.com.ar\/wordpress\/wp-json\/wp\/v2\/media\/45281"}],"wp:attachment":[{"href":"https:\/\/www.elpolitologoyelpolitico.com.ar\/wordpress\/wp-json\/wp\/v2\/media?parent=45280"}],"wp:term":[{"taxonomy":"category","embeddable":true,"href":"https:\/\/www.elpolitologoyelpolitico.com.ar\/wordpress\/wp-json\/wp\/v2\/categories?post=45280"},{"taxonomy":"post_tag","embeddable":true,"href":"https:\/\/www.elpolitologoyelpolitico.com.ar\/wordpress\/wp-json\/wp\/v2\/tags?post=45280"}],"curies":[{"name":"wp","href":"https:\/\/api.w.org\/{rel}","templated":true}]}}