{"id":4528,"date":"2021-06-22T17:33:52","date_gmt":"2021-06-22T17:33:52","guid":{"rendered":"https:\/\/www.elpolitologoyelpolitico.com.ar\/wordpress\/?p=4528"},"modified":"2021-06-22T17:33:54","modified_gmt":"2021-06-22T17:33:54","slug":"la-unidad-de-las-mayusculas-y-la-unidad-de-las-minusculas","status":"publish","type":"post","link":"https:\/\/www.elpolitologoyelpolitico.com.ar\/wordpress\/2021\/06\/22\/la-unidad-de-las-mayusculas-y-la-unidad-de-las-minusculas\/","title":{"rendered":"La unidad de las may\u00fasculas y la unidad de las min\u00fasculas"},"content":{"rendered":"\n<p>\u201cPara que alguien se nos monte encima, primero debemos doblar la espalda \u2013 Martin Luther King  <\/p>\n\n\n\n<p>Y hace bastante tiempo que muchos peronistas rionegrinos venimos doblando la espalda, y vemos como sin invitaci\u00f3n alguna se nos suben, se nos montan, como tan maravillosamente expresa la frase del luchador por los derechos de los negros en EEUU. <div> <\/div><\/p>\n\n\n\n<p>Queremos responderle a la presidenta del PJ, Alejandra Mas y su nota del domingo. Porque creemos en el di\u00e1logo y el debate y en no ocultar las diferencias<div><div> <\/div><\/div><\/p>\n\n\n\n<p>Es una presidenta del PJ no elegida por los afiliados que lleg\u00f3 a ese lugar con CERO VOTOS, pero s\u00ed representando al Club de Amigos que, en sus declaraciones del domingo, vuelve a poner en valor al otorgarle a este Club, solo a ellos y nada m\u00e1s que a ellos un supuesto valor de la unidad.<div><div> <\/div><\/div><\/p>\n\n\n\n<p>Y depositando en ese escaso lote de personas, dirigentes eso s\u00ed, pero escaso, la posibilidad que el PJ gane en 2023.  Conocemos estas formas. Ya el Club de Amigos, en 2019 y con esa unidad que solo ellos imaginan, hizo perder al peronismo por paliza en la elecci\u00f3n de gobernador (\u00a1y eso que competimos contra la suplente!) y luego encadenamos derrota tras derrota en las municipales. <\/p>\n\n\n\n<p>A\u00fan en aquellas localidades donde el PJ gobernaba, como Villa Regina, Rio Colorado y SAO.  Esta conducci\u00f3n partidaria propone la unidad de las may\u00fasculas, o sea de los nombres propios. Para ellos, existe unidad porque Do\u00f1ate y porque Soria y porqu\u00e9 alg\u00fan otro apellido. Para nosotros la unidad es la de las min\u00fasculas: unidad de los peronistas, de los compa\u00f1eros, desde abajo.<\/p>\n\n\n\n<p>Unidad de los que se fueron a su casa por no soportar m\u00e1s tantas may\u00fasculas.  Por supuesto que en la idea que tenemos de unidad peronista deben estar los compa\u00f1eros que <div><div>ocupan lugares de importancia en la gesti\u00f3n y en \u00f3rganos electivos. <\/div><\/div><\/p>\n\n\n\n<p>Claro que s\u00ed. \u00a1C\u00f3mo vamos a querer un peronismo sin estos dirigentes importantes que hoy ocupan esos lugares!. Pero ubicados cada uno en el lugar donde los afiliados, democr\u00e1ticamente los coloquen. Y no acomodados por la voluntad del Club de Amigos. Eso no va m\u00e1s. Seguro, no va m\u00e1s.<div><div> <\/div><\/div><\/p>\n\n\n\n<p>Y lo primero no son los nombres propios, no son las may\u00fasculas, lo prioritario es reconciliar al peronismo con la sociedad rionegrina, v\u00ednculo quebrado y ausente y que es lo que provoca que no nos voten. No sienten que podamos representarlos. <div><div> <\/div><\/div><\/p>\n\n\n\n<p>Y hay algo importante que vincula la pol\u00edtica, lo partidario y la sociedad y es que nuestro peronismo tenga su conducci\u00f3n elegida por los afiliados y en virtud de esa legitimidad expresada en miles de votos de compa\u00f1eros, posea la calidad y la capacidad suficiente como para llevar adelante una campa\u00f1a electoral, promover acercamientos con los intereses productivos, econ\u00f3micos y culturales de los rionegrinos y as\u00ed aspirar a pelear con chances el  gobierno de la provincia en 2023. <div><div>  <\/div><\/div><\/p>\n\n\n\n<p><div><div>Sepan pues que nos negamos a seguir doblando la espalda.  Con afecto y respeto peronista  Juventud Peronista Convocatoria Hay 2023, Gabriel Maureira (Viedma), Donata Rodriguez (Bariloche), Jorge Miler JP Sindical ( Jos\u00e9 Ignacio Rucci Viedma ) \u00c1ngel Rosas y Mariel Scalco ( Villa Regina). <\/div><\/div><\/p>\n<div class=\"fb-background-color\">\n\t\t\t  <div \n\t\t\t  \tclass = \"fb-comments\" \n\t\t\t  \tdata-href = \"https:\/\/www.elpolitologoyelpolitico.com.ar\/wordpress\/2021\/06\/22\/la-unidad-de-las-mayusculas-y-la-unidad-de-las-minusculas\/\"\n\t\t\t  \tdata-numposts = \"10\"\n\t\t\t  \tdata-lazy = \"true\"\n\t\t\t\tdata-colorscheme = \"light\"\n\t\t\t\tdata-order-by = \"social\"\n\t\t\t\tdata-mobile=true>\n\t\t\t  <\/div><\/div>\n\t\t  <style>\n\t\t    .fb-background-color {\n\t\t\t\tbackground: #ffffff !important;\n\t\t\t}\n\t\t\t.fb_iframe_widget_fluid_desktop iframe {\n\t\t\t    width: 100% !important;\n\t\t\t}\n\t\t  <\/style>\n\t\t  ","protected":false},"excerpt":{"rendered":"<p>\u201cPara que alguien se nos monte encima, primero debemos doblar la espalda \u2013 Martin Luther King Y hace bastante tiempo que muchos peronistas rionegrinos venimos doblando la espalda, y vemos como sin invitaci\u00f3n alguna se nos suben, se nos montan, como tan maravillosamente expresa la frase del luchador por los derechos de los negros en [&hellip;]<\/p>\n","protected":false},"author":4,"featured_media":4529,"comment_status":"closed","ping_status":"closed","sticky":false,"template":"","format":"standard","meta":{"_joinchat":[],"footnotes":""},"categories":[5],"tags":[],"class_list":["post-4528","post","type-post","status-publish","format-standard","has-post-thumbnail","hentry","category-partidos-politicos"],"_links":{"self":[{"href":"https:\/\/www.elpolitologoyelpolitico.com.ar\/wordpress\/wp-json\/wp\/v2\/posts\/4528","targetHints":{"allow":["GET"]}}],"collection":[{"href":"https:\/\/www.elpolitologoyelpolitico.com.ar\/wordpress\/wp-json\/wp\/v2\/posts"}],"about":[{"href":"https:\/\/www.elpolitologoyelpolitico.com.ar\/wordpress\/wp-json\/wp\/v2\/types\/post"}],"author":[{"embeddable":true,"href":"https:\/\/www.elpolitologoyelpolitico.com.ar\/wordpress\/wp-json\/wp\/v2\/users\/4"}],"replies":[{"embeddable":true,"href":"https:\/\/www.elpolitologoyelpolitico.com.ar\/wordpress\/wp-json\/wp\/v2\/comments?post=4528"}],"version-history":[{"count":0,"href":"https:\/\/www.elpolitologoyelpolitico.com.ar\/wordpress\/wp-json\/wp\/v2\/posts\/4528\/revisions"}],"wp:featuredmedia":[{"embeddable":true,"href":"https:\/\/www.elpolitologoyelpolitico.com.ar\/wordpress\/wp-json\/wp\/v2\/media\/4529"}],"wp:attachment":[{"href":"https:\/\/www.elpolitologoyelpolitico.com.ar\/wordpress\/wp-json\/wp\/v2\/media?parent=4528"}],"wp:term":[{"taxonomy":"category","embeddable":true,"href":"https:\/\/www.elpolitologoyelpolitico.com.ar\/wordpress\/wp-json\/wp\/v2\/categories?post=4528"},{"taxonomy":"post_tag","embeddable":true,"href":"https:\/\/www.elpolitologoyelpolitico.com.ar\/wordpress\/wp-json\/wp\/v2\/tags?post=4528"}],"curies":[{"name":"wp","href":"https:\/\/api.w.org\/{rel}","templated":true}]}}