{"id":45265,"date":"2026-04-30T21:09:08","date_gmt":"2026-05-01T00:09:08","guid":{"rendered":"https:\/\/www.elpolitologoyelpolitico.com.ar\/wordpress\/?p=45265"},"modified":"2026-04-30T21:45:25","modified_gmt":"2026-05-01T00:45:25","slug":"un-concejal-denunciado-de-violencia-de-genero-participara-de-una-charla-sobre-violencia-en-las-escuelas","status":"publish","type":"post","link":"https:\/\/www.elpolitologoyelpolitico.com.ar\/wordpress\/2026\/04\/30\/un-concejal-denunciado-de-violencia-de-genero-participara-de-una-charla-sobre-violencia-en-las-escuelas\/","title":{"rendered":"Un concejal denunciado por Violencia de G\u00e9nero participar\u00e1 de una charla sobre violencia en las escuelas"},"content":{"rendered":"\n<p>El concejal del bloque Buenos Aires Roberto Mart\u00ednez, fue denunciado por violencia de g\u00e9nero cuando era representante de la LLA Patagones.<\/p>\n\n\n\n<p>Lo sorprendente es que Mart\u00ednez va a exponer sobre la situaci\u00f3n que se vive en las escuelas y hablando en contra de la violencia en cada establecimiento.<\/p>\n\n\n\n<p>Participar\u00e1n del evento concejales y consejeros escolares de la Provincia de Buenos Aires y la \u00fanica concejal rionegrina Vanesa Cacho Devicenzi, qui\u00e9n expres\u00f3 su energ\u00e9tico repudi\u00f3 cuando el concejal Roberto Mart\u00ednez fue denunciado:<\/p>\n\n\n\n<p><strong>\u00abRepudiamos lo sucedido y decimos BASTA a la violencia por g\u00e9nero en cualquiera de sus formas y circunstancias\u00bb<\/strong>, declar\u00f3 Cacho Devincenzi.<\/p>\n\n\n\n<figure class=\"wp-block-image size-full\"><img fetchpriority=\"high\" decoding=\"async\" width=\"640\" height=\"312\" src=\"https:\/\/www.elpolitologoyelpolitico.com.ar\/wp-content\/uploads\/2026\/04\/PORTADA-69-1.png\" alt=\"\" class=\"wp-image-45268\" srcset=\"https:\/\/www.elpolitologoyelpolitico.com.ar\/wp-content\/uploads\/2026\/04\/PORTADA-69-1.png 640w, https:\/\/www.elpolitologoyelpolitico.com.ar\/wp-content\/uploads\/2026\/04\/PORTADA-69-1-300x146.png 300w\" sizes=\"(max-width: 640px) 100vw, 640px\" \/><\/figure>\n\n\n\n<p>Creo que todo queda subsanado cuando ambos pertenecer al mismo espacio politico de Axel Kicillof y as\u00ed se demuestra en la pol\u00edtica local las dos caras de una misma moneda.<\/p>\n\n\n\n<p>Todos se preguntan qu\u00e9 podr\u00e1 expresar Roberto Mart\u00ednez para mejorar la situaci\u00f3n de violencia en las escuelas cuando es una persona violenta y hay manifestaciones de empleadas municipales de Patagones que no se animaron a denunciarlo por miedo de perder su trabajo. Nadie sabe.<\/p>\n\n\n\n<p>El evento ser\u00e1 el s\u00e1bado 2 de mayo a las 18 horas por streaming (Facebook Live).<\/p>\n\n\n\n<p>La organizadora Betina Paez tendra en cuenta todo esto\u2026<\/p>\n\n\n\n<figure class=\"wp-block-image size-full is-resized\"><img decoding=\"async\" width=\"737\" height=\"809\" src=\"https:\/\/www.elpolitologoyelpolitico.com.ar\/wp-content\/uploads\/2026\/04\/KK.jpeg\" alt=\"\" class=\"wp-image-45269\" style=\"aspect-ratio:0.9110258294548325;width:436px;height:auto\" srcset=\"https:\/\/www.elpolitologoyelpolitico.com.ar\/wp-content\/uploads\/2026\/04\/KK.jpeg 737w, https:\/\/www.elpolitologoyelpolitico.com.ar\/wp-content\/uploads\/2026\/04\/KK-273x300.jpeg 273w\" sizes=\"(max-width: 737px) 100vw, 737px\" \/><\/figure>\n\n\n\n<p><\/p>\n\n\n\n<p><\/p>\n<div class=\"fb-background-color\">\n\t\t\t  <div \n\t\t\t  \tclass = \"fb-comments\" \n\t\t\t  \tdata-href = \"https:\/\/www.elpolitologoyelpolitico.com.ar\/wordpress\/2026\/04\/30\/un-concejal-denunciado-de-violencia-de-genero-participara-de-una-charla-sobre-violencia-en-las-escuelas\/\"\n\t\t\t  \tdata-numposts = \"10\"\n\t\t\t  \tdata-lazy = \"true\"\n\t\t\t\tdata-colorscheme = \"light\"\n\t\t\t\tdata-order-by = \"social\"\n\t\t\t\tdata-mobile=true>\n\t\t\t  <\/div><\/div>\n\t\t  <style>\n\t\t    .fb-background-color {\n\t\t\t\tbackground: #ffffff !important;\n\t\t\t}\n\t\t\t.fb_iframe_widget_fluid_desktop iframe {\n\t\t\t    width: 100% !important;\n\t\t\t}\n\t\t  <\/style>\n\t\t  ","protected":false},"excerpt":{"rendered":"<p>El concejal del bloque Buenos Aires Roberto Mart\u00ednez, fue denunciado por violencia de g\u00e9nero cuando era representante de la LLA Patagones. Lo sorprendente es que Mart\u00ednez va a exponer sobre la situaci\u00f3n que se vive en las escuelas y hablando en contra de la violencia en cada establecimiento. Participar\u00e1n del evento concejales y consejeros escolares [&hellip;]<\/p>\n","protected":false},"author":4,"featured_media":45266,"comment_status":"closed","ping_status":"closed","sticky":false,"template":"","format":"standard","meta":{"_joinchat":[],"footnotes":""},"categories":[21],"tags":[],"class_list":["post-45265","post","type-post","status-publish","format-standard","has-post-thumbnail","hentry","category-actores-politicos"],"_links":{"self":[{"href":"https:\/\/www.elpolitologoyelpolitico.com.ar\/wordpress\/wp-json\/wp\/v2\/posts\/45265","targetHints":{"allow":["GET"]}}],"collection":[{"href":"https:\/\/www.elpolitologoyelpolitico.com.ar\/wordpress\/wp-json\/wp\/v2\/posts"}],"about":[{"href":"https:\/\/www.elpolitologoyelpolitico.com.ar\/wordpress\/wp-json\/wp\/v2\/types\/post"}],"author":[{"embeddable":true,"href":"https:\/\/www.elpolitologoyelpolitico.com.ar\/wordpress\/wp-json\/wp\/v2\/users\/4"}],"replies":[{"embeddable":true,"href":"https:\/\/www.elpolitologoyelpolitico.com.ar\/wordpress\/wp-json\/wp\/v2\/comments?post=45265"}],"version-history":[{"count":4,"href":"https:\/\/www.elpolitologoyelpolitico.com.ar\/wordpress\/wp-json\/wp\/v2\/posts\/45265\/revisions"}],"predecessor-version":[{"id":45275,"href":"https:\/\/www.elpolitologoyelpolitico.com.ar\/wordpress\/wp-json\/wp\/v2\/posts\/45265\/revisions\/45275"}],"wp:featuredmedia":[{"embeddable":true,"href":"https:\/\/www.elpolitologoyelpolitico.com.ar\/wordpress\/wp-json\/wp\/v2\/media\/45266"}],"wp:attachment":[{"href":"https:\/\/www.elpolitologoyelpolitico.com.ar\/wordpress\/wp-json\/wp\/v2\/media?parent=45265"}],"wp:term":[{"taxonomy":"category","embeddable":true,"href":"https:\/\/www.elpolitologoyelpolitico.com.ar\/wordpress\/wp-json\/wp\/v2\/categories?post=45265"},{"taxonomy":"post_tag","embeddable":true,"href":"https:\/\/www.elpolitologoyelpolitico.com.ar\/wordpress\/wp-json\/wp\/v2\/tags?post=45265"}],"curies":[{"name":"wp","href":"https:\/\/api.w.org\/{rel}","templated":true}]}}