{"id":45262,"date":"2026-04-30T11:03:43","date_gmt":"2026-04-30T14:03:43","guid":{"rendered":"https:\/\/www.elpolitologoyelpolitico.com.ar\/wordpress\/?p=45262"},"modified":"2026-04-30T11:03:44","modified_gmt":"2026-04-30T14:03:44","slug":"el-gobierno-de-axel-kicillof-dejara-de-entregar-los-alimentos-en-las-escuelas","status":"publish","type":"post","link":"https:\/\/www.elpolitologoyelpolitico.com.ar\/wordpress\/2026\/04\/30\/el-gobierno-de-axel-kicillof-dejara-de-entregar-los-alimentos-en-las-escuelas\/","title":{"rendered":"El Gobierno de Axel Kicillof dejar\u00e1 de entregar los alimentos en las escuelas"},"content":{"rendered":"\n<p>A trav\u00e9s de la Resoluci\u00f3n 842\/2026 del Ministerio de Desarrollo de la Comunidad, el Gobierno de la Provincia de Buenos Aires confirm\u00f3 la suspensi\u00f3n del M\u00f3dulo Extraordinario para la Seguridad Alimentaria (MESA). La medida, que entrar\u00e1 en vigencia este 1 de mayo, establece un par\u00e9ntesis de 90 d\u00edas en la entrega de las cajas de alimentos que reciben mensualmente las familias de los alumnos de escuelas p\u00fablicas.<\/p>\n\n\n\n<p>La decisi\u00f3n, firmada por el ministro Andr\u00e9s Larroque, impacta directamente en el esquema de asistencia que se consolid\u00f3 durante la pandemia y que se hab\u00eda mantenido como un refuerzo indispensable ante la escalada inflacionaria.<\/p>\n\n\n\n<p>Desde el entorno del Gobernador se\u00f1alan que la decisi\u00f3n es \u00abestrictamente presupuestaria\u00bb. El argumento principal radica en el desfinanciamiento por parte del Gobierno Nacional, al que acusan de haber cortado de forma dr\u00e1stica las partidas correspondientes a los programas de asistencia social que se ejecutan en territorio bonaerense.<\/p>\n\n\n\n<p>A este escenario se suma la ca\u00edda de la recaudaci\u00f3n provincial producto de la recesi\u00f3n econ\u00f3mica, lo que oblig\u00f3 a La Plata a \u00abreordenar prioridades\u00bb para garantizar, al menos, el funcionamiento de los comedores dentro de los establecimientos educativos.<\/p>\n\n\n\n<p>Es importante distinguir que el recorte no afecta a la totalidad de la asistencia alimentaria escolar:<\/p>\n\n\n\n<ul class=\"wp-block-list\">\n<li>Programa MESA (Suspendido): Se interrumpe la entrega del bols\u00f3n de alimentos secos que los padres retiraban de las escuelas para el consumo en el hogar.<\/li>\n\n\n\n<li>Servicio Alimentario Escolar (Vigente): El desayuno, almuerzo y merienda que se brinda diariamente dentro de las instituciones educativas continuar\u00e1 funcionando, aunque bajo un monitoreo constante de los costos de las raciones.<\/li>\n<\/ul>\n\n\n\n<p>La noticia no tard\u00f3 en disparar una nueva batalla de interpretaciones. Mientras que el oficialismo provincial responsabiliza a la gesti\u00f3n de Javier Milei por la \u00abinsensibilidad\u00bb ante la emergencia alimentaria, la oposici\u00f3n legislativa cuestiona el manejo de los fondos de la Provincia, sugiriendo que existen otras \u00e1reas del gasto p\u00fablico donde se podr\u00edan haber aplicado ajustes antes que en la comida de los sectores m\u00e1s vulnerables.<\/p>\n\n\n\n<p>Por el momento, la suspensi\u00f3n tiene fecha de vencimiento para finales de julio, momento en el cual la Provincia deber\u00e1 evaluar si cuenta con los recursos necesarios para retomar el programa o si la medida se extender\u00e1 en el tiempo.<\/p>\n<div class=\"fb-background-color\">\n\t\t\t  <div \n\t\t\t  \tclass = \"fb-comments\" \n\t\t\t  \tdata-href = \"https:\/\/www.elpolitologoyelpolitico.com.ar\/wordpress\/2026\/04\/30\/el-gobierno-de-axel-kicillof-dejara-de-entregar-los-alimentos-en-las-escuelas\/\"\n\t\t\t  \tdata-numposts = \"10\"\n\t\t\t  \tdata-lazy = \"true\"\n\t\t\t\tdata-colorscheme = \"light\"\n\t\t\t\tdata-order-by = \"social\"\n\t\t\t\tdata-mobile=true>\n\t\t\t  <\/div><\/div>\n\t\t  <style>\n\t\t    .fb-background-color {\n\t\t\t\tbackground: #ffffff !important;\n\t\t\t}\n\t\t\t.fb_iframe_widget_fluid_desktop iframe {\n\t\t\t    width: 100% !important;\n\t\t\t}\n\t\t  <\/style>\n\t\t  ","protected":false},"excerpt":{"rendered":"<p>A trav\u00e9s de la Resoluci\u00f3n 842\/2026 del Ministerio de Desarrollo de la Comunidad, el Gobierno de la Provincia de Buenos Aires confirm\u00f3 la suspensi\u00f3n del M\u00f3dulo Extraordinario para la Seguridad Alimentaria (MESA). La medida, que entrar\u00e1 en vigencia este 1 de mayo, establece un par\u00e9ntesis de 90 d\u00edas en la entrega de las cajas de [&hellip;]<\/p>\n","protected":false},"author":4,"featured_media":45263,"comment_status":"closed","ping_status":"closed","sticky":false,"template":"","format":"standard","meta":{"_joinchat":[],"footnotes":""},"categories":[39],"tags":[],"class_list":["post-45262","post","type-post","status-publish","format-standard","has-post-thumbnail","hentry","category-en-esta-seccion"],"_links":{"self":[{"href":"https:\/\/www.elpolitologoyelpolitico.com.ar\/wordpress\/wp-json\/wp\/v2\/posts\/45262","targetHints":{"allow":["GET"]}}],"collection":[{"href":"https:\/\/www.elpolitologoyelpolitico.com.ar\/wordpress\/wp-json\/wp\/v2\/posts"}],"about":[{"href":"https:\/\/www.elpolitologoyelpolitico.com.ar\/wordpress\/wp-json\/wp\/v2\/types\/post"}],"author":[{"embeddable":true,"href":"https:\/\/www.elpolitologoyelpolitico.com.ar\/wordpress\/wp-json\/wp\/v2\/users\/4"}],"replies":[{"embeddable":true,"href":"https:\/\/www.elpolitologoyelpolitico.com.ar\/wordpress\/wp-json\/wp\/v2\/comments?post=45262"}],"version-history":[{"count":1,"href":"https:\/\/www.elpolitologoyelpolitico.com.ar\/wordpress\/wp-json\/wp\/v2\/posts\/45262\/revisions"}],"predecessor-version":[{"id":45264,"href":"https:\/\/www.elpolitologoyelpolitico.com.ar\/wordpress\/wp-json\/wp\/v2\/posts\/45262\/revisions\/45264"}],"wp:featuredmedia":[{"embeddable":true,"href":"https:\/\/www.elpolitologoyelpolitico.com.ar\/wordpress\/wp-json\/wp\/v2\/media\/45263"}],"wp:attachment":[{"href":"https:\/\/www.elpolitologoyelpolitico.com.ar\/wordpress\/wp-json\/wp\/v2\/media?parent=45262"}],"wp:term":[{"taxonomy":"category","embeddable":true,"href":"https:\/\/www.elpolitologoyelpolitico.com.ar\/wordpress\/wp-json\/wp\/v2\/categories?post=45262"},{"taxonomy":"post_tag","embeddable":true,"href":"https:\/\/www.elpolitologoyelpolitico.com.ar\/wordpress\/wp-json\/wp\/v2\/tags?post=45262"}],"curies":[{"name":"wp","href":"https:\/\/api.w.org\/{rel}","templated":true}]}}