{"id":45257,"date":"2026-04-30T09:45:38","date_gmt":"2026-04-30T12:45:38","guid":{"rendered":"https:\/\/www.elpolitologoyelpolitico.com.ar\/wordpress\/?p=45257"},"modified":"2026-04-30T09:58:04","modified_gmt":"2026-04-30T12:58:04","slug":"tension-en-chubut-incidentes-y-reclamos-salariales-tras-la-salida-del-ministro-de-educacion","status":"publish","type":"post","link":"https:\/\/www.elpolitologoyelpolitico.com.ar\/wordpress\/2026\/04\/30\/tension-en-chubut-incidentes-y-reclamos-salariales-tras-la-salida-del-ministro-de-educacion\/","title":{"rendered":"Tensi\u00f3n en Chubut: Incidentes y reclamos salariales tras la salida del Ministro de Educaci\u00f3n provincial"},"content":{"rendered":"\n<p>La crisis educativa en la provincia de Chubut sum\u00f3 un nuevo cap\u00edtulo de m\u00e1xima tensi\u00f3n esta jornada. Lo que inici\u00f3 como una movilizaci\u00f3n pac\u00edfica de los trabajadores de la educaci\u00f3n en reclamo de mejoras salariales, culmin\u00f3 en serios incidentes al momento en que el Ministro de Educaci\u00f3n, Jos\u00e9 Luis Punta, se retiraba del encuentro con los gremios.<\/p>\n\n\n\n<p>El eje del conflicto radica en la propuesta econ\u00f3mica presentada por el Ejecutivo Provincial. Desde el Sindicato Argentino de Docentes Privados (SADOP) de Chubut, fueron tajantes al calificar la oferta oficial como \u00abinsuficiente\u00bb.<\/p>\n\n\n\n<p>La dirigencia gremial advirti\u00f3 que la brecha entre los haberes y el costo de vida es insostenible. Seg\u00fan denunciaron, una gran parte de los trabajadores del sector percibe actualmente sueldos que se ubican por debajo de la Canasta B\u00e1sica Total (CBT), lo que coloca a los educadores en una situaci\u00f3n de vulnerabilidad econ\u00f3mica cr\u00edtica.<\/p>\n\n\n\n<p>Los incidentes se desencadenaron a la salida de la sede administrativa. Manifestantes que aguardaban las novedades de la paritaria increparon a la comitiva oficial. Entre gritos y empujones, el ministro Punta debi\u00f3 abandonar el lugar bajo un clima de fuerte hostilidad, reflejo del malestar acumulado en el sector tras meses de negociaciones truncas.<\/p>\n\n\n\n<p><strong>\u00abNo podemos aceptar salarios de pobreza mientras la inflaci\u00f3n lic\u00faa nuestro poder adquisitivo d\u00eda a d\u00eda\u00bb<\/strong>, expresaron delegados presentes en la movilizaci\u00f3n.<\/p>\n\n\n\n<p>Con la negociaci\u00f3n estancada y el endurecimiento de las medidas de fuerza, el conflicto docente en Chubut amenaza con prolongarse. Los puntos clave de la demanda gremial son:<\/p>\n\n\n\n<ul class=\"wp-block-list\">\n<li>Recomposici\u00f3n salarial urgente: Que ning\u00fan docente cobre por debajo de la l\u00ednea de pobreza.<\/li>\n\n\n\n<li>Cl\u00e1usulas de actualizaci\u00f3n: Mecanismos que protejan el salario frente a la inflaci\u00f3n proyectada para 2026.<\/li>\n\n\n\n<li>Mejoras en infraestructura: Reclamos hist\u00f3ricos sobre el estado de las escuelas en la provincia.<\/li>\n<\/ul>\n\n\n\n<p>Por el momento, el Gobierno Provincial no ha emitido un nuevo comunicado tras los disturbios, mientras que los sindicatos se mantienen en estado de alerta y asamblea permanente para definir los pasos a seguir.<\/p>\n<div class=\"fb-background-color\">\n\t\t\t  <div \n\t\t\t  \tclass = \"fb-comments\" \n\t\t\t  \tdata-href = \"https:\/\/www.elpolitologoyelpolitico.com.ar\/wordpress\/2026\/04\/30\/tension-en-chubut-incidentes-y-reclamos-salariales-tras-la-salida-del-ministro-de-educacion\/\"\n\t\t\t  \tdata-numposts = \"10\"\n\t\t\t  \tdata-lazy = \"true\"\n\t\t\t\tdata-colorscheme = \"light\"\n\t\t\t\tdata-order-by = \"social\"\n\t\t\t\tdata-mobile=true>\n\t\t\t  <\/div><\/div>\n\t\t  <style>\n\t\t    .fb-background-color {\n\t\t\t\tbackground: #ffffff !important;\n\t\t\t}\n\t\t\t.fb_iframe_widget_fluid_desktop iframe {\n\t\t\t    width: 100% !important;\n\t\t\t}\n\t\t  <\/style>\n\t\t  ","protected":false},"excerpt":{"rendered":"<p>La crisis educativa en la provincia de Chubut sum\u00f3 un nuevo cap\u00edtulo de m\u00e1xima tensi\u00f3n esta jornada. Lo que inici\u00f3 como una movilizaci\u00f3n pac\u00edfica de los trabajadores de la educaci\u00f3n en reclamo de mejoras salariales, culmin\u00f3 en serios incidentes al momento en que el Ministro de Educaci\u00f3n, Jos\u00e9 Luis Punta, se retiraba del encuentro con [&hellip;]<\/p>\n","protected":false},"author":4,"featured_media":45261,"comment_status":"closed","ping_status":"closed","sticky":false,"template":"","format":"standard","meta":{"_joinchat":[],"footnotes":""},"categories":[39],"tags":[],"class_list":["post-45257","post","type-post","status-publish","format-standard","has-post-thumbnail","hentry","category-en-esta-seccion"],"_links":{"self":[{"href":"https:\/\/www.elpolitologoyelpolitico.com.ar\/wordpress\/wp-json\/wp\/v2\/posts\/45257","targetHints":{"allow":["GET"]}}],"collection":[{"href":"https:\/\/www.elpolitologoyelpolitico.com.ar\/wordpress\/wp-json\/wp\/v2\/posts"}],"about":[{"href":"https:\/\/www.elpolitologoyelpolitico.com.ar\/wordpress\/wp-json\/wp\/v2\/types\/post"}],"author":[{"embeddable":true,"href":"https:\/\/www.elpolitologoyelpolitico.com.ar\/wordpress\/wp-json\/wp\/v2\/users\/4"}],"replies":[{"embeddable":true,"href":"https:\/\/www.elpolitologoyelpolitico.com.ar\/wordpress\/wp-json\/wp\/v2\/comments?post=45257"}],"version-history":[{"count":2,"href":"https:\/\/www.elpolitologoyelpolitico.com.ar\/wordpress\/wp-json\/wp\/v2\/posts\/45257\/revisions"}],"predecessor-version":[{"id":45260,"href":"https:\/\/www.elpolitologoyelpolitico.com.ar\/wordpress\/wp-json\/wp\/v2\/posts\/45257\/revisions\/45260"}],"wp:featuredmedia":[{"embeddable":true,"href":"https:\/\/www.elpolitologoyelpolitico.com.ar\/wordpress\/wp-json\/wp\/v2\/media\/45261"}],"wp:attachment":[{"href":"https:\/\/www.elpolitologoyelpolitico.com.ar\/wordpress\/wp-json\/wp\/v2\/media?parent=45257"}],"wp:term":[{"taxonomy":"category","embeddable":true,"href":"https:\/\/www.elpolitologoyelpolitico.com.ar\/wordpress\/wp-json\/wp\/v2\/categories?post=45257"},{"taxonomy":"post_tag","embeddable":true,"href":"https:\/\/www.elpolitologoyelpolitico.com.ar\/wordpress\/wp-json\/wp\/v2\/tags?post=45257"}],"curies":[{"name":"wp","href":"https:\/\/api.w.org\/{rel}","templated":true}]}}