{"id":45254,"date":"2026-04-29T23:56:38","date_gmt":"2026-04-30T02:56:38","guid":{"rendered":"https:\/\/www.elpolitologoyelpolitico.com.ar\/wordpress\/?p=45254"},"modified":"2026-04-29T23:56:39","modified_gmt":"2026-04-30T02:56:39","slug":"manuel-adorni-resistio-la-presion-opositora-en-el-congreso-con-el-respaldo-explicito-de-javier-milei-no-voy-a-renunciar","status":"publish","type":"post","link":"https:\/\/www.elpolitologoyelpolitico.com.ar\/wordpress\/2026\/04\/29\/manuel-adorni-resistio-la-presion-opositora-en-el-congreso-con-el-respaldo-explicito-de-javier-milei-no-voy-a-renunciar\/","title":{"rendered":"Manuel Adorni resisti\u00f3 la presi\u00f3n opositora en el Congreso con el respaldo expl\u00edcito de Javier Milei: \u201cNo voy a renunciar\u201d"},"content":{"rendered":"\n<p>El Congreso de la Naci\u00f3n fue hoy el escenario de una de las sesiones m\u00e1s \u00e1lgidas en lo que va del a\u00f1o. Manuel Adorni, jefe de Gabinete de Ministros, concurri\u00f3 a la C\u00e1mara de Diputados para brindar su informe de gesti\u00f3n, pero la jornada termin\u00f3 convirti\u00e9ndose en una virtual interpelaci\u00f3n sobre su situaci\u00f3n patrimonial y personal. Con un discurso de tono desafiante y el apoyo presencial de Javier Milei, el funcionario fue tajante: <strong>\u201cNo voy a renunciar\u201d.<\/strong><\/p>\n\n\n\n<p>Desde temprano, la importancia que el Ejecutivo le otorg\u00f3 a la sesi\u00f3n fue evidente. El presidente Javier Milei, junto a la secretaria general Karina Milei y el resto de los ministros, ocuparon el palco principal del recinto. El mensaje fue claro: el Gobierno no soltar\u00e1 la mano de su hombre de confianza ante la embestida opositora.<\/p>\n\n\n\n<p>Incluso en los pasillos, el clima fue hostil. Ante la consulta de la prensa sobre las sospechas de corrupci\u00f3n que pesan sobre Adorni, Milei fue contundente con los cronistas: <strong>\u201cUstedes son los corruptos\u201d<\/strong>, dispar\u00f3 el mandatario antes de calificar el caso como \u00abcerrado\u00bb.<\/p>\n\n\n\n<p>Durante m\u00e1s de una hora de exposici\u00f3n, Adorni altern\u00f3 entre los logros econ\u00f3micos del Gobierno, destacando la baja de la inflaci\u00f3n y el fin de los piquetes, y las respuestas a las denuncias por presunto enriquecimiento y uso discrecional de fondos p\u00fablicos.<\/p>\n\n\n\n<p>Respecto al pol\u00e9mico viaje de su esposa en una comitiva oficial a Estados Unidos, el jefe de Gabinete sostuvo que se trat\u00f3 de una decisi\u00f3n amparada por el Decreto 713\/16 y que no implic\u00f3 gasto alguno de vi\u00e1ticos ni alojamiento para el Estado. Sobre sus viajes familiares al exterior, afirm\u00f3 con \u00e9nfasis que fueron costeados \u00edntegramente de su bolsillo.<\/p>\n\n\n\n<p><strong>\u00abNo comet\u00ed ning\u00fan delito y voy a probarlo en la Justicia\u00bb<\/strong>, sentenci\u00f3 Adorni, remarcando que todos sus bienes est\u00e1n o estar\u00e1n debidamente consignados en sus declaraciones juradas, cuyos plazos legales de presentaci\u00f3n a\u00fan no han vencido.<\/p>\n\n\n\n<p>La sesi\u00f3n no estuvo exenta de momentos pintorescos y confrontaciones directas. Mientras el bloque de La Libertad Avanza celebraba la \u00abcontundencia\u00bb de las explicaciones, desde la oposici\u00f3n (especialmente Uni\u00f3n por la Patria y el Frente de Izquierda) llovieron cr\u00edticas.<\/p>\n\n\n\n<p>Germ\u00e1n Mart\u00ednez, jefe del bloque peronista, fustig\u00f3 al funcionario por leer gran parte de sus respuestas: <strong>\u201cSi no le tra\u00edan las cosas escritas, no pod\u00eda contestar nada\u201d<\/strong>. Por su parte, la diputada Romina del Pla (FIT) protagoniz\u00f3 un cruce con Milei, tild\u00e1ndolo de \u00abc\u00f3mplice\u00bb por la situaci\u00f3n en Gaza, a lo que el Presidente respondi\u00f3 con iron\u00eda haciendo el gesto de un coraz\u00f3n con sus manos.<\/p>\n\n\n\n<p>Pese a los intentos de la oposici\u00f3n por arrinconarlo en el bloque de preguntas y respuestas, Adorni logr\u00f3 mantener el control de los tiempos. Ante la exigencia de su dimisi\u00f3n, el funcionario respondi\u00f3 mirando a las bancadas opositoras: <strong>\u201cUstedes no tienen derecho a pedirle explicaciones judiciales a nadie\u201d.<\/strong><\/p>\n\n\n\n<p>Al finalizar la jornada, el Gobierno consider\u00f3 la sesi\u00f3n como un \u00e9xito estrat\u00e9gico. Al exponer al funcionario y rodearlo de su plana mayor, la Casa Rosada busc\u00f3 neutralizar el impacto de las denuncias judiciales, trasladando la resoluci\u00f3n del conflicto del \u00e1mbito parlamentario al estrictamente judicial.<\/p>\n\n\n\n<p>Por ahora, Adorni sigue firme en su puesto, aunque la Justicia tendr\u00e1 la \u00faltima palabra sobre la consistencia de su patrimonio y sus explicaciones.<\/p>\n<div class=\"fb-background-color\">\n\t\t\t  <div \n\t\t\t  \tclass = \"fb-comments\" \n\t\t\t  \tdata-href = \"https:\/\/www.elpolitologoyelpolitico.com.ar\/wordpress\/2026\/04\/29\/manuel-adorni-resistio-la-presion-opositora-en-el-congreso-con-el-respaldo-explicito-de-javier-milei-no-voy-a-renunciar\/\"\n\t\t\t  \tdata-numposts = \"10\"\n\t\t\t  \tdata-lazy = \"true\"\n\t\t\t\tdata-colorscheme = \"light\"\n\t\t\t\tdata-order-by = \"social\"\n\t\t\t\tdata-mobile=true>\n\t\t\t  <\/div><\/div>\n\t\t  <style>\n\t\t    .fb-background-color {\n\t\t\t\tbackground: #ffffff !important;\n\t\t\t}\n\t\t\t.fb_iframe_widget_fluid_desktop iframe {\n\t\t\t    width: 100% !important;\n\t\t\t}\n\t\t  <\/style>\n\t\t  ","protected":false},"excerpt":{"rendered":"<p>El Congreso de la Naci\u00f3n fue hoy el escenario de una de las sesiones m\u00e1s \u00e1lgidas en lo que va del a\u00f1o. Manuel Adorni, jefe de Gabinete de Ministros, concurri\u00f3 a la C\u00e1mara de Diputados para brindar su informe de gesti\u00f3n, pero la jornada termin\u00f3 convirti\u00e9ndose en una virtual interpelaci\u00f3n sobre su situaci\u00f3n patrimonial y [&hellip;]<\/p>\n","protected":false},"author":4,"featured_media":45255,"comment_status":"closed","ping_status":"closed","sticky":false,"template":"","format":"standard","meta":{"_joinchat":[],"footnotes":""},"categories":[39],"tags":[],"class_list":["post-45254","post","type-post","status-publish","format-standard","has-post-thumbnail","hentry","category-en-esta-seccion"],"_links":{"self":[{"href":"https:\/\/www.elpolitologoyelpolitico.com.ar\/wordpress\/wp-json\/wp\/v2\/posts\/45254","targetHints":{"allow":["GET"]}}],"collection":[{"href":"https:\/\/www.elpolitologoyelpolitico.com.ar\/wordpress\/wp-json\/wp\/v2\/posts"}],"about":[{"href":"https:\/\/www.elpolitologoyelpolitico.com.ar\/wordpress\/wp-json\/wp\/v2\/types\/post"}],"author":[{"embeddable":true,"href":"https:\/\/www.elpolitologoyelpolitico.com.ar\/wordpress\/wp-json\/wp\/v2\/users\/4"}],"replies":[{"embeddable":true,"href":"https:\/\/www.elpolitologoyelpolitico.com.ar\/wordpress\/wp-json\/wp\/v2\/comments?post=45254"}],"version-history":[{"count":1,"href":"https:\/\/www.elpolitologoyelpolitico.com.ar\/wordpress\/wp-json\/wp\/v2\/posts\/45254\/revisions"}],"predecessor-version":[{"id":45256,"href":"https:\/\/www.elpolitologoyelpolitico.com.ar\/wordpress\/wp-json\/wp\/v2\/posts\/45254\/revisions\/45256"}],"wp:featuredmedia":[{"embeddable":true,"href":"https:\/\/www.elpolitologoyelpolitico.com.ar\/wordpress\/wp-json\/wp\/v2\/media\/45255"}],"wp:attachment":[{"href":"https:\/\/www.elpolitologoyelpolitico.com.ar\/wordpress\/wp-json\/wp\/v2\/media?parent=45254"}],"wp:term":[{"taxonomy":"category","embeddable":true,"href":"https:\/\/www.elpolitologoyelpolitico.com.ar\/wordpress\/wp-json\/wp\/v2\/categories?post=45254"},{"taxonomy":"post_tag","embeddable":true,"href":"https:\/\/www.elpolitologoyelpolitico.com.ar\/wordpress\/wp-json\/wp\/v2\/tags?post=45254"}],"curies":[{"name":"wp","href":"https:\/\/api.w.org\/{rel}","templated":true}]}}