{"id":45250,"date":"2026-04-29T16:34:03","date_gmt":"2026-04-29T19:34:03","guid":{"rendered":"https:\/\/www.elpolitologoyelpolitico.com.ar\/wordpress\/?p=45250"},"modified":"2026-04-29T16:41:40","modified_gmt":"2026-04-29T19:41:40","slug":"milei-ratifica-el-rumbo-economico-y-lanza-duras-criticas-a-la-oposicion-no-nos-dejemos-psicopatear","status":"publish","type":"post","link":"https:\/\/www.elpolitologoyelpolitico.com.ar\/wordpress\/2026\/04\/29\/milei-ratifica-el-rumbo-economico-y-lanza-duras-criticas-a-la-oposicion-no-nos-dejemos-psicopatear\/","title":{"rendered":"Milei ratifica el rumbo econ\u00f3mico y lanza duras cr\u00edticas a la oposici\u00f3n: \u00abNo nos dejemos psicopatear\u00bb"},"content":{"rendered":"\n<p>En un discurso cargado de definiciones pol\u00edticas y firmeza doctrinaria, el presidente Javier Milei volvi\u00f3 a defender su gesti\u00f3n econ\u00f3mica y arremeti\u00f3 contra los sectores de la oposici\u00f3n, a quienes acus\u00f3 de sostener un \u00abdiscurso mentiroso\u00bb. Con un tono confrontativo, el mandatario asegur\u00f3 que la econom\u00eda argentina ha comenzado a mostrar signos de recuperaci\u00f3n pese a la magnitud del recorte fiscal implementado.<\/p>\n\n\n\n<p>El jefe de Estado inici\u00f3 su alocuci\u00f3n con un mensaje directo a su base electoral y a la dirigencia pol\u00edtica, inst\u00e1ndolos a no ceder ante las presiones de los sectores kirchneristas. <strong>\u00abNo nos dejemos psicopatear por los kukas. No les demos lugar para que vuelvan\u00bb<\/strong>, sentenci\u00f3 Milei, marcando una l\u00ednea divisoria tajante con la gesti\u00f3n anterior.<\/p>\n\n\n\n<p>El Presidente fue enf\u00e1tico al se\u00f1alar que no permitir\u00e1 que se instalen versiones que contradigan su visi\u00f3n de la realidad: <strong>\u00abNo les voy a dejar pasar ninguna de las barbaridades del discurso mentiroso que tienen\u00bb<\/strong>. En este sentido, defendi\u00f3 los logros hist\u00f3ricos de su corriente de pensamiento, afirmando que, <strong>\u00ables duela o no a la izquierda y a los progres\u00bb<\/strong>, han sido los liberales quienes m\u00e1s personas han logrado sacar de la pobreza.<\/p>\n\n\n\n<p>Uno de los puntos centrales del discurso fue la ratificaci\u00f3n del programa econ\u00f3mico actual. Milei despej\u00f3 cualquier duda sobre posibles cambios de rumbo, asegurando que su compromiso es mantener la \u00abortodoxia\u00bb basada en la teor\u00eda econ\u00f3mica y la evidencia emp\u00edrica.<\/p>\n\n\n\n<p><strong>\u00abA pesar de haber hecho el ajuste m\u00e1s grande de la historia, la econom\u00eda crece\u00bb<\/strong>, afirm\u00f3 el mandatario.<\/p>\n\n\n\n<p>Con esta frase, el Presidente busc\u00f3 desestimar los pron\u00f3sticos que auguraban una depresi\u00f3n profunda tras las medidas de shock. Seg\u00fan su visi\u00f3n, el pa\u00eds est\u00e1 superando la etapa m\u00e1s cr\u00edtica del ajuste y se encamina hacia una fase de expansi\u00f3n, sosteniendo que el objetivo final sigue siendo convertir a la Argentina en \u00abel pa\u00eds m\u00e1s libre del mundo\u00bb.<\/p>\n\n\n\n<p>Como es habitual en sus presentaciones, el mandatario cerr\u00f3 su intervenci\u00f3n apelando a la ret\u00f3rica que caracteriza a su movimiento. Reafirm\u00f3 su confianza en que el liberalismo prevalecer\u00e1 y concluy\u00f3 con su tradicional arenga: <strong>\u00abQue las fuerzas del cielo nos acompa\u00f1en y \u00a1viva la libertad, carajo!\u00bb<\/strong>.<\/p>\n\n\n\n<p>El discurso deja claro que el Gobierno no planea moderar su estilo ni su programa, apostando plenamente a la profundizaci\u00f3n del modelo de libre mercado como \u00fanica salida a la crisis estructural del pa\u00eds.<\/p>\n<div class=\"fb-background-color\">\n\t\t\t  <div \n\t\t\t  \tclass = \"fb-comments\" \n\t\t\t  \tdata-href = \"https:\/\/www.elpolitologoyelpolitico.com.ar\/wordpress\/2026\/04\/29\/milei-ratifica-el-rumbo-economico-y-lanza-duras-criticas-a-la-oposicion-no-nos-dejemos-psicopatear\/\"\n\t\t\t  \tdata-numposts = \"10\"\n\t\t\t  \tdata-lazy = \"true\"\n\t\t\t\tdata-colorscheme = \"light\"\n\t\t\t\tdata-order-by = \"social\"\n\t\t\t\tdata-mobile=true>\n\t\t\t  <\/div><\/div>\n\t\t  <style>\n\t\t    .fb-background-color {\n\t\t\t\tbackground: #ffffff !important;\n\t\t\t}\n\t\t\t.fb_iframe_widget_fluid_desktop iframe {\n\t\t\t    width: 100% !important;\n\t\t\t}\n\t\t  <\/style>\n\t\t  ","protected":false},"excerpt":{"rendered":"<p>En un discurso cargado de definiciones pol\u00edticas y firmeza doctrinaria, el presidente Javier Milei volvi\u00f3 a defender su gesti\u00f3n econ\u00f3mica y arremeti\u00f3 contra los sectores de la oposici\u00f3n, a quienes acus\u00f3 de sostener un \u00abdiscurso mentiroso\u00bb. Con un tono confrontativo, el mandatario asegur\u00f3 que la econom\u00eda argentina ha comenzado a mostrar signos de recuperaci\u00f3n pese [&hellip;]<\/p>\n","protected":false},"author":4,"featured_media":45251,"comment_status":"closed","ping_status":"closed","sticky":false,"template":"","format":"standard","meta":{"_joinchat":[],"footnotes":""},"categories":[39],"tags":[],"class_list":["post-45250","post","type-post","status-publish","format-standard","has-post-thumbnail","hentry","category-en-esta-seccion"],"_links":{"self":[{"href":"https:\/\/www.elpolitologoyelpolitico.com.ar\/wordpress\/wp-json\/wp\/v2\/posts\/45250","targetHints":{"allow":["GET"]}}],"collection":[{"href":"https:\/\/www.elpolitologoyelpolitico.com.ar\/wordpress\/wp-json\/wp\/v2\/posts"}],"about":[{"href":"https:\/\/www.elpolitologoyelpolitico.com.ar\/wordpress\/wp-json\/wp\/v2\/types\/post"}],"author":[{"embeddable":true,"href":"https:\/\/www.elpolitologoyelpolitico.com.ar\/wordpress\/wp-json\/wp\/v2\/users\/4"}],"replies":[{"embeddable":true,"href":"https:\/\/www.elpolitologoyelpolitico.com.ar\/wordpress\/wp-json\/wp\/v2\/comments?post=45250"}],"version-history":[{"count":2,"href":"https:\/\/www.elpolitologoyelpolitico.com.ar\/wordpress\/wp-json\/wp\/v2\/posts\/45250\/revisions"}],"predecessor-version":[{"id":45253,"href":"https:\/\/www.elpolitologoyelpolitico.com.ar\/wordpress\/wp-json\/wp\/v2\/posts\/45250\/revisions\/45253"}],"wp:featuredmedia":[{"embeddable":true,"href":"https:\/\/www.elpolitologoyelpolitico.com.ar\/wordpress\/wp-json\/wp\/v2\/media\/45251"}],"wp:attachment":[{"href":"https:\/\/www.elpolitologoyelpolitico.com.ar\/wordpress\/wp-json\/wp\/v2\/media?parent=45250"}],"wp:term":[{"taxonomy":"category","embeddable":true,"href":"https:\/\/www.elpolitologoyelpolitico.com.ar\/wordpress\/wp-json\/wp\/v2\/categories?post=45250"},{"taxonomy":"post_tag","embeddable":true,"href":"https:\/\/www.elpolitologoyelpolitico.com.ar\/wordpress\/wp-json\/wp\/v2\/tags?post=45250"}],"curies":[{"name":"wp","href":"https:\/\/api.w.org\/{rel}","templated":true}]}}