{"id":45247,"date":"2026-04-29T15:51:42","date_gmt":"2026-04-29T18:51:42","guid":{"rendered":"https:\/\/www.elpolitologoyelpolitico.com.ar\/wordpress\/?p=45247"},"modified":"2026-04-29T15:51:51","modified_gmt":"2026-04-29T18:51:51","slug":"un-oficial-de-la-policia-de-la-ciudad-mato-a-una-presunta-delincuente-en-la-matanza-y-quedo-detenido-por-exceso-en-la-legitima-defensa","status":"publish","type":"post","link":"https:\/\/www.elpolitologoyelpolitico.com.ar\/wordpress\/2026\/04\/29\/un-oficial-de-la-policia-de-la-ciudad-mato-a-una-presunta-delincuente-en-la-matanza-y-quedo-detenido-por-exceso-en-la-legitima-defensa\/","title":{"rendered":"Un oficial de la Polic\u00eda de la Ciudad mat\u00f3 a una presunta delincuente en La Matanza y qued\u00f3 detenido por \u00abexceso en la leg\u00edtima defensa\u00bb"},"content":{"rendered":"\n<p>Un violento episodio de inseguridad termin\u00f3 con una mujer fallecida y un oficial de la Polic\u00eda de la Ciudad tras las rejas. El incidente, ocurrido este mi\u00e9rcoles 29 de abril en la intersecci\u00f3n de las calles Da Vinci y Montgolfier, puso nuevamente en el centro del debate el l\u00edmite de la leg\u00edtima defensa y el uso de la fuerza policial.<\/p>\n\n\n\n<p>El oficial, identificado como el inspector H\u00e9ctor Camejo, se encontraba de franco y vestido de civil cuando fue abordado por una pareja de delincuentes que circulaba en una motocicleta. Seg\u00fan su declaraci\u00f3n preliminar, los sospechosos intentaron asaltarlo y, ante un movimiento que interpret\u00f3 como una amenaza de arma de fuego, desenfund\u00f3 su pistola reglamentaria Beretta 9 mil\u00edmetros y abri\u00f3 fuego de manera repetida.<\/p>\n\n\n\n<p>C\u00e1maras de seguridad de la zona registraron el momento del ataque. En el audio de los videos se llega a percibir la secuencia de disparos (diez en total, seg\u00fan las vainas servidas halladas en el lugar) y los gritos del c\u00f3mplice de la mujer, quien ped\u00eda ayuda desesperadamente antes de lograr escapar a pie.<\/p>\n\n\n\n<p>La mujer, cuya identidad a\u00fan no ha sido confirmada fehacientemente, recibi\u00f3 al menos un impacto de bala en la zona de las costillas. Fue trasladada de urgencia al Hospital Favaloro de Rafael Castillo, pero ingres\u00f3 sin signos vitales.<\/p>\n\n\n\n<p>A pesar de que en la escena del crimen los peritos de la Polic\u00eda Bonaerense secuestraron una r\u00e9plica de pistola fabricada en pl\u00e1stico, la cual habr\u00eda sido utilizada por los asaltantes, la justicia decidi\u00f3 actuar con rigor sobre el efectivo porte\u00f1o.<\/p>\n\n\n\n<p>El fiscal Adri\u00e1n Arribas, titular de la Unidad Funcional de Instrucci\u00f3n (UFI) de Homicidios de La Matanza, orden\u00f3 la detenci\u00f3n inmediata de Camejo. Los argumentos de la fiscal\u00eda se centran en dos puntos cr\u00edticos:<\/p>\n\n\n\n<ol class=\"wp-block-list\">\n<li>La falta de proporcionalidad: Disparar diez veces contra personas que portaban un arma de juguete es considerado, en esta instancia, un uso excesivo de la fuerza.<\/li>\n\n\n\n<li>Abandono de la escena: Fuentes judiciales se\u00f1alaron que el oficial se retir\u00f3 del lugar tras los disparos y reci\u00e9n se present\u00f3 tiempo despu\u00e9s ante las autoridades para entregar su arma y dar su versi\u00f3n de los hechos.<\/li>\n<\/ol>\n\n\n\n<p>El oficial Camejo permanece alojado en una dependencia policial a la espera de ser indagado en las pr\u00f3ximas horas. Mientras tanto, los investigadores trabajan en el relevamiento de m\u00e1s c\u00e1maras de seguridad para identificar y capturar al c\u00f3mplice que huy\u00f3 de la escena.<\/p>\n\n\n\n<p>La causa ha sido caratulada preventivamente como \u00abHomicidio\u00bb, mientras se analizan las pericias bal\u00edsticas y la trayectoria de cada uno de los proyectiles para determinar si el polic\u00eda continu\u00f3 disparando cuando los sospechosos ya no representaban una amenaza.<\/p>\n<div class=\"fb-background-color\">\n\t\t\t  <div \n\t\t\t  \tclass = \"fb-comments\" \n\t\t\t  \tdata-href = \"https:\/\/www.elpolitologoyelpolitico.com.ar\/wordpress\/2026\/04\/29\/un-oficial-de-la-policia-de-la-ciudad-mato-a-una-presunta-delincuente-en-la-matanza-y-quedo-detenido-por-exceso-en-la-legitima-defensa\/\"\n\t\t\t  \tdata-numposts = \"10\"\n\t\t\t  \tdata-lazy = \"true\"\n\t\t\t\tdata-colorscheme = \"light\"\n\t\t\t\tdata-order-by = \"social\"\n\t\t\t\tdata-mobile=true>\n\t\t\t  <\/div><\/div>\n\t\t  <style>\n\t\t    .fb-background-color {\n\t\t\t\tbackground: #ffffff !important;\n\t\t\t}\n\t\t\t.fb_iframe_widget_fluid_desktop iframe {\n\t\t\t    width: 100% !important;\n\t\t\t}\n\t\t  <\/style>\n\t\t  ","protected":false},"excerpt":{"rendered":"<p>Un violento episodio de inseguridad termin\u00f3 con una mujer fallecida y un oficial de la Polic\u00eda de la Ciudad tras las rejas. El incidente, ocurrido este mi\u00e9rcoles 29 de abril en la intersecci\u00f3n de las calles Da Vinci y Montgolfier, puso nuevamente en el centro del debate el l\u00edmite de la leg\u00edtima defensa y el [&hellip;]<\/p>\n","protected":false},"author":4,"featured_media":45248,"comment_status":"closed","ping_status":"closed","sticky":false,"template":"","format":"standard","meta":{"_joinchat":[],"footnotes":""},"categories":[39],"tags":[],"class_list":["post-45247","post","type-post","status-publish","format-standard","has-post-thumbnail","hentry","category-en-esta-seccion"],"_links":{"self":[{"href":"https:\/\/www.elpolitologoyelpolitico.com.ar\/wordpress\/wp-json\/wp\/v2\/posts\/45247","targetHints":{"allow":["GET"]}}],"collection":[{"href":"https:\/\/www.elpolitologoyelpolitico.com.ar\/wordpress\/wp-json\/wp\/v2\/posts"}],"about":[{"href":"https:\/\/www.elpolitologoyelpolitico.com.ar\/wordpress\/wp-json\/wp\/v2\/types\/post"}],"author":[{"embeddable":true,"href":"https:\/\/www.elpolitologoyelpolitico.com.ar\/wordpress\/wp-json\/wp\/v2\/users\/4"}],"replies":[{"embeddable":true,"href":"https:\/\/www.elpolitologoyelpolitico.com.ar\/wordpress\/wp-json\/wp\/v2\/comments?post=45247"}],"version-history":[{"count":1,"href":"https:\/\/www.elpolitologoyelpolitico.com.ar\/wordpress\/wp-json\/wp\/v2\/posts\/45247\/revisions"}],"predecessor-version":[{"id":45249,"href":"https:\/\/www.elpolitologoyelpolitico.com.ar\/wordpress\/wp-json\/wp\/v2\/posts\/45247\/revisions\/45249"}],"wp:featuredmedia":[{"embeddable":true,"href":"https:\/\/www.elpolitologoyelpolitico.com.ar\/wordpress\/wp-json\/wp\/v2\/media\/45248"}],"wp:attachment":[{"href":"https:\/\/www.elpolitologoyelpolitico.com.ar\/wordpress\/wp-json\/wp\/v2\/media?parent=45247"}],"wp:term":[{"taxonomy":"category","embeddable":true,"href":"https:\/\/www.elpolitologoyelpolitico.com.ar\/wordpress\/wp-json\/wp\/v2\/categories?post=45247"},{"taxonomy":"post_tag","embeddable":true,"href":"https:\/\/www.elpolitologoyelpolitico.com.ar\/wordpress\/wp-json\/wp\/v2\/tags?post=45247"}],"curies":[{"name":"wp","href":"https:\/\/api.w.org\/{rel}","templated":true}]}}