{"id":45243,"date":"2026-04-29T15:45:52","date_gmt":"2026-04-29T18:45:52","guid":{"rendered":"https:\/\/www.elpolitologoyelpolitico.com.ar\/wordpress\/?p=45243"},"modified":"2026-04-29T15:46:29","modified_gmt":"2026-04-29T18:46:29","slug":"todos-por-hiam-la-cruzada-solidaria-para-que-un-nino-de-8-anos-recupere-su-vision","status":"publish","type":"post","link":"https:\/\/www.elpolitologoyelpolitico.com.ar\/wordpress\/2026\/04\/29\/todos-por-hiam-la-cruzada-solidaria-para-que-un-nino-de-8-anos-recupere-su-vision\/","title":{"rendered":"Todos por Hiam: la cruzada solidaria para que un ni\u00f1o de 8 a\u00f1os recupere su visi\u00f3n"},"content":{"rendered":"\n<p>Hiam padece estrabismo bilateral y necesita una cirug\u00eda urgente programada para junio. Su familia ha lanzado una campa\u00f1a de donaciones y una rifa ben\u00e9fica para costear el mes de estad\u00eda y los traslados necesarios para el tratamiento.<\/p>\n\n\n\n<p>La solidaridad vuelve a ser la bandera de la Comarca. Hiam, un peque\u00f1o de apenas 8 a\u00f1os que ha sido descrito por su familia como un \u00abguerrero\u00bb, se prepara para enfrentar uno de los desaf\u00edos m\u00e1s importantes de su corta vida. Desde que era un beb\u00e9, Hiam ha transitado un largo camino de estudios y tratamientos oculares, pero hoy se encuentra ante la instancia definitiva: su primera operaci\u00f3n de estrabismo en ambos ojos.<\/p>\n\n\n\n<p id=\"p-rc_8989fa687871f1a7-28\">La intervenci\u00f3n quir\u00fargica est\u00e1 programada para el pr\u00f3ximo mes de junio. Sin embargo, el desaf\u00edo no es solo m\u00e9dico sino tambi\u00e9n econ\u00f3mico. La familia debe afrontar gastos de viaje, transporte y, lo m\u00e1s complejo, una estad\u00eda de aproximadamente un mes en el lugar donde se realizar\u00e1 la operaci\u00f3n para garantizar el seguimiento postoperatorio adecuado.<\/p>\n\n\n\n<p id=\"p-rc_8989fa687871f1a7-29\">Ante esta situaci\u00f3n, sus padres y allegados han iniciado una movilizaci\u00f3n comunitaria bajo el lema \u00abTodos por Hiam\u00bb. El objetivo inmediato es recolectar premios de comercios o particulares que quieran colaborar para la realizaci\u00f3n de una gran rifa solidaria que permita juntar los fondos necesarios.<\/p>\n\n\n\n<p id=\"p-rc_8989fa687871f1a7-30\"><strong>\u00abApelamos a la solidaridad de todos. Hiam nos necesita hoy para poder mejorar su calidad de vida y asegurar su futuro\u00bb<\/strong>, expresaron sus familiares a trav\u00e9s de las redes sociales.<\/p>\n\n\n\n<p>La comunidad puede sumarse de diversas maneras para apoyar esta causa:<\/p>\n\n\n\n<ul class=\"wp-block-list\">\n<li>Donaci\u00f3n de premios: Todo aquel que pueda y quiera colaborar con alg\u00fan art\u00edculo para la rifa puede comunicarse al 2920 520923 (Milena).<\/li>\n\n\n\n<li>Aportes econ\u00f3micos: Se ha habilitado una cuenta para recibir donaciones directas a trav\u00e9s de Mercado Pago.<ul><li>Alias: <code>TODOSPORHIAM.MP<\/code><\/li><\/ul>\n<ul class=\"wp-block-list\">\n<li>Titular: Abel Contreras (Pap\u00e1 de Hiam)<\/li>\n<\/ul>\n<\/li>\n<\/ul>\n\n\n\n<p id=\"p-rc_8989fa687871f1a7-35\">La campa\u00f1a ya ha comenzado a circular con fuerza en las plataformas digitales, donde se destaca que cada peque\u00f1o gesto suma esperanza para este ni\u00f1o que sue\u00f1a con ver el mundo sin obst\u00e1culos. Se espera que en los pr\u00f3ximos d\u00edas se den a conocer los puntos de venta de la rifa una vez recolectados los premios iniciales.<\/p>\n\n\n\n<figure class=\"wp-block-image size-large is-resized\"><img fetchpriority=\"high\" decoding=\"async\" width=\"683\" height=\"1024\" src=\"https:\/\/www.elpolitologoyelpolitico.com.ar\/wp-content\/uploads\/2026\/04\/WhatsApp-Image-2026-04-29-at-2.47.26-PM-683x1024.jpeg\" alt=\"\" class=\"wp-image-45245\" style=\"aspect-ratio:0.6669936243256498;width:344px;height:auto\" srcset=\"https:\/\/www.elpolitologoyelpolitico.com.ar\/wp-content\/uploads\/2026\/04\/WhatsApp-Image-2026-04-29-at-2.47.26-PM-683x1024.jpeg 683w, https:\/\/www.elpolitologoyelpolitico.com.ar\/wp-content\/uploads\/2026\/04\/WhatsApp-Image-2026-04-29-at-2.47.26-PM-200x300.jpeg 200w, https:\/\/www.elpolitologoyelpolitico.com.ar\/wp-content\/uploads\/2026\/04\/WhatsApp-Image-2026-04-29-at-2.47.26-PM-768x1152.jpeg 768w, https:\/\/www.elpolitologoyelpolitico.com.ar\/wp-content\/uploads\/2026\/04\/WhatsApp-Image-2026-04-29-at-2.47.26-PM.jpeg 1024w\" sizes=\"(max-width: 683px) 100vw, 683px\" \/><\/figure>\n<div class=\"fb-background-color\">\n\t\t\t  <div \n\t\t\t  \tclass = \"fb-comments\" \n\t\t\t  \tdata-href = \"https:\/\/www.elpolitologoyelpolitico.com.ar\/wordpress\/2026\/04\/29\/todos-por-hiam-la-cruzada-solidaria-para-que-un-nino-de-8-anos-recupere-su-vision\/\"\n\t\t\t  \tdata-numposts = \"10\"\n\t\t\t  \tdata-lazy = \"true\"\n\t\t\t\tdata-colorscheme = \"light\"\n\t\t\t\tdata-order-by = \"social\"\n\t\t\t\tdata-mobile=true>\n\t\t\t  <\/div><\/div>\n\t\t  <style>\n\t\t    .fb-background-color {\n\t\t\t\tbackground: #ffffff !important;\n\t\t\t}\n\t\t\t.fb_iframe_widget_fluid_desktop iframe {\n\t\t\t    width: 100% !important;\n\t\t\t}\n\t\t  <\/style>\n\t\t  ","protected":false},"excerpt":{"rendered":"<p>Hiam padece estrabismo bilateral y necesita una cirug\u00eda urgente programada para junio. Su familia ha lanzado una campa\u00f1a de donaciones y una rifa ben\u00e9fica para costear el mes de estad\u00eda y los traslados necesarios para el tratamiento. La solidaridad vuelve a ser la bandera de la Comarca. Hiam, un peque\u00f1o de apenas 8 a\u00f1os que [&hellip;]<\/p>\n","protected":false},"author":4,"featured_media":45244,"comment_status":"closed","ping_status":"closed","sticky":false,"template":"","format":"standard","meta":{"_joinchat":[],"footnotes":""},"categories":[39],"tags":[],"class_list":["post-45243","post","type-post","status-publish","format-standard","has-post-thumbnail","hentry","category-en-esta-seccion"],"_links":{"self":[{"href":"https:\/\/www.elpolitologoyelpolitico.com.ar\/wordpress\/wp-json\/wp\/v2\/posts\/45243","targetHints":{"allow":["GET"]}}],"collection":[{"href":"https:\/\/www.elpolitologoyelpolitico.com.ar\/wordpress\/wp-json\/wp\/v2\/posts"}],"about":[{"href":"https:\/\/www.elpolitologoyelpolitico.com.ar\/wordpress\/wp-json\/wp\/v2\/types\/post"}],"author":[{"embeddable":true,"href":"https:\/\/www.elpolitologoyelpolitico.com.ar\/wordpress\/wp-json\/wp\/v2\/users\/4"}],"replies":[{"embeddable":true,"href":"https:\/\/www.elpolitologoyelpolitico.com.ar\/wordpress\/wp-json\/wp\/v2\/comments?post=45243"}],"version-history":[{"count":1,"href":"https:\/\/www.elpolitologoyelpolitico.com.ar\/wordpress\/wp-json\/wp\/v2\/posts\/45243\/revisions"}],"predecessor-version":[{"id":45246,"href":"https:\/\/www.elpolitologoyelpolitico.com.ar\/wordpress\/wp-json\/wp\/v2\/posts\/45243\/revisions\/45246"}],"wp:featuredmedia":[{"embeddable":true,"href":"https:\/\/www.elpolitologoyelpolitico.com.ar\/wordpress\/wp-json\/wp\/v2\/media\/45244"}],"wp:attachment":[{"href":"https:\/\/www.elpolitologoyelpolitico.com.ar\/wordpress\/wp-json\/wp\/v2\/media?parent=45243"}],"wp:term":[{"taxonomy":"category","embeddable":true,"href":"https:\/\/www.elpolitologoyelpolitico.com.ar\/wordpress\/wp-json\/wp\/v2\/categories?post=45243"},{"taxonomy":"post_tag","embeddable":true,"href":"https:\/\/www.elpolitologoyelpolitico.com.ar\/wordpress\/wp-json\/wp\/v2\/tags?post=45243"}],"curies":[{"name":"wp","href":"https:\/\/api.w.org\/{rel}","templated":true}]}}