{"id":45240,"date":"2026-04-29T12:40:00","date_gmt":"2026-04-29T15:40:00","guid":{"rendered":"https:\/\/www.elpolitologoyelpolitico.com.ar\/wordpress\/?p=45240"},"modified":"2026-04-29T12:41:16","modified_gmt":"2026-04-29T15:41:16","slug":"gas-salud-digital-y-taser-el-ambicioso-temario-de-la-primera-sesion-ordinaria-en-la-legislatura-provincial","status":"publish","type":"post","link":"https:\/\/www.elpolitologoyelpolitico.com.ar\/wordpress\/2026\/04\/29\/gas-salud-digital-y-taser-el-ambicioso-temario-de-la-primera-sesion-ordinaria-en-la-legislatura-provincial\/","title":{"rendered":"Gas, Salud Digital y Taser: El ambicioso temario de la primera sesi\u00f3n ordinaria en la Legislatura Provincial"},"content":{"rendered":"\n<p>La Legislatura de R\u00edo Negro dar\u00e1 inicio ma\u00f1ana jueves, a partir de las 8:00, a su primera sesi\u00f3n ordinaria del a\u00f1o. Bajo la presidencia de Pedro Pesatti, el cuerpo deliberativo abordar\u00e1 un extenso orden del d\u00eda que refleja las prioridades de la gesti\u00f3n de Alberto Weretilneck, as\u00ed como demandas urgentes en materia de servicios p\u00fablicos y justicia.<\/p>\n\n\n\n<p>Uno de los puntos centrales ser\u00e1 el tratamiento del proyecto de ley 497\/2026, que busca ratificar el acta acuerdo entre la Provincia y las empresas Southern Energy S.A. y San Mat\u00edas Pipeline S.A. Este convenio se enmarca en el ambicioso \u00abProyecto FLNG\u00bb, que posiciona a la zona de Fuerte Argentino como un polo estrat\u00e9gico para la licuefacci\u00f3n y exportaci\u00f3n de Gas Natural Licuado (GNL).<\/p>\n\n\n\n<p>En sinton\u00eda con la modernizaci\u00f3n del Estado, se debatir\u00e1 la digitalizaci\u00f3n de la Secretar\u00eda de Trabajo y el proyecto de Salud Digital. Este \u00faltimo pretende regular la telemedicina y la receta electr\u00f3nica, herramientas que buscan acortar distancias en una provincia de vasta geograf\u00eda. Asimismo, se discutir\u00e1 la reforma a la ley de farmacias y la creaci\u00f3n de la Productora Farmac\u00e9utica Rionegrina S.E., con el fin de fortalecer la soberan\u00eda sanitaria.<\/p>\n\n\n\n<p>La seguridad ciudadana tambi\u00e9n tendr\u00e1 un lugar destacado con el proyecto de la legisladora Yolanda Mansilla (Primero R\u00edo Negro), que propone autorizar a la Polic\u00eda provincial a utilizar armas no letales o de letalidad reducida, tales como dispositivos Taser y aerosoles irritantes. La iniciativa llega con un fuerte aval legislativo previo y promete un debate intenso sobre los protocolos de uso de la fuerza.<\/p>\n\n\n\n<p>Por el lado del Poder Judicial, se analizar\u00e1 la creaci\u00f3n de un nuevo juzgado de familia en San Antonio Oeste, una medida solicitada por el Superior Tribunal de Justicia para descongestionar el actual Juzgado N\u00ba 9 y agilizar las respuestas en una materia de alta sensibilidad social.<\/p>\n\n\n\n<p>En un contexto de dificultades econ\u00f3micas, los bloques Vamos con Todos y Partido Justicialista\u2013Nuevo Encuentro impulsan una ley para suspender los cortes de servicios b\u00e1sicos (luz, gas y agua) por falta de pago hasta diciembre de 2027. Esta medida busca proteger a los sectores m\u00e1s vulnerables ante los incrementos tarifarios.<\/p>\n\n\n\n<p>La sesi\u00f3n tambi\u00e9n incluir\u00e1 temas de identidad local y gesti\u00f3n administrativa:<\/p>\n\n\n\n<ul class=\"wp-block-list\">\n<li>Paso Flores a \u00abSiete Parajes\u00bb: Se debatir\u00e1 el cambio de nombre de esta Comisi\u00f3n de Fomento a pedido de sus pobladores.<\/li>\n\n\n\n<li>Nombramiento en el DPA: Se tratar\u00e1 la designaci\u00f3n de N\u00e9stor P\u00e9rez como nuevo superintendente del Departamento Provincial de Aguas, tras la propuesta enviada por el gobernador.<\/li>\n<\/ul>\n\n\n\n<p>Con un temario que combina la proyecci\u00f3n econ\u00f3mica a largo plazo con soluciones inmediatas a problem\u00e1ticas cotidianas, la Legislatura rionegrina inicia un ciclo que ser\u00e1 determinante para el rumbo de la provincia en 2026.<\/p>\n<div class=\"fb-background-color\">\n\t\t\t  <div \n\t\t\t  \tclass = \"fb-comments\" \n\t\t\t  \tdata-href = \"https:\/\/www.elpolitologoyelpolitico.com.ar\/wordpress\/2026\/04\/29\/gas-salud-digital-y-taser-el-ambicioso-temario-de-la-primera-sesion-ordinaria-en-la-legislatura-provincial\/\"\n\t\t\t  \tdata-numposts = \"10\"\n\t\t\t  \tdata-lazy = \"true\"\n\t\t\t\tdata-colorscheme = \"light\"\n\t\t\t\tdata-order-by = \"social\"\n\t\t\t\tdata-mobile=true>\n\t\t\t  <\/div><\/div>\n\t\t  <style>\n\t\t    .fb-background-color {\n\t\t\t\tbackground: #ffffff !important;\n\t\t\t}\n\t\t\t.fb_iframe_widget_fluid_desktop iframe {\n\t\t\t    width: 100% !important;\n\t\t\t}\n\t\t  <\/style>\n\t\t  ","protected":false},"excerpt":{"rendered":"<p>La Legislatura de R\u00edo Negro dar\u00e1 inicio ma\u00f1ana jueves, a partir de las 8:00, a su primera sesi\u00f3n ordinaria del a\u00f1o. Bajo la presidencia de Pedro Pesatti, el cuerpo deliberativo abordar\u00e1 un extenso orden del d\u00eda que refleja las prioridades de la gesti\u00f3n de Alberto Weretilneck, as\u00ed como demandas urgentes en materia de servicios p\u00fablicos [&hellip;]<\/p>\n","protected":false},"author":4,"featured_media":45241,"comment_status":"closed","ping_status":"closed","sticky":false,"template":"","format":"standard","meta":{"_joinchat":[],"footnotes":""},"categories":[4],"tags":[],"class_list":["post-45240","post","type-post","status-publish","format-standard","has-post-thumbnail","hentry","category-politicas-publicas"],"_links":{"self":[{"href":"https:\/\/www.elpolitologoyelpolitico.com.ar\/wordpress\/wp-json\/wp\/v2\/posts\/45240","targetHints":{"allow":["GET"]}}],"collection":[{"href":"https:\/\/www.elpolitologoyelpolitico.com.ar\/wordpress\/wp-json\/wp\/v2\/posts"}],"about":[{"href":"https:\/\/www.elpolitologoyelpolitico.com.ar\/wordpress\/wp-json\/wp\/v2\/types\/post"}],"author":[{"embeddable":true,"href":"https:\/\/www.elpolitologoyelpolitico.com.ar\/wordpress\/wp-json\/wp\/v2\/users\/4"}],"replies":[{"embeddable":true,"href":"https:\/\/www.elpolitologoyelpolitico.com.ar\/wordpress\/wp-json\/wp\/v2\/comments?post=45240"}],"version-history":[{"count":1,"href":"https:\/\/www.elpolitologoyelpolitico.com.ar\/wordpress\/wp-json\/wp\/v2\/posts\/45240\/revisions"}],"predecessor-version":[{"id":45242,"href":"https:\/\/www.elpolitologoyelpolitico.com.ar\/wordpress\/wp-json\/wp\/v2\/posts\/45240\/revisions\/45242"}],"wp:featuredmedia":[{"embeddable":true,"href":"https:\/\/www.elpolitologoyelpolitico.com.ar\/wordpress\/wp-json\/wp\/v2\/media\/45241"}],"wp:attachment":[{"href":"https:\/\/www.elpolitologoyelpolitico.com.ar\/wordpress\/wp-json\/wp\/v2\/media?parent=45240"}],"wp:term":[{"taxonomy":"category","embeddable":true,"href":"https:\/\/www.elpolitologoyelpolitico.com.ar\/wordpress\/wp-json\/wp\/v2\/categories?post=45240"},{"taxonomy":"post_tag","embeddable":true,"href":"https:\/\/www.elpolitologoyelpolitico.com.ar\/wordpress\/wp-json\/wp\/v2\/tags?post=45240"}],"curies":[{"name":"wp","href":"https:\/\/api.w.org\/{rel}","templated":true}]}}