{"id":45234,"date":"2026-04-28T23:39:20","date_gmt":"2026-04-29T02:39:20","guid":{"rendered":"https:\/\/www.elpolitologoyelpolitico.com.ar\/wordpress\/?p=45234"},"modified":"2026-04-28T23:39:22","modified_gmt":"2026-04-29T02:39:22","slug":"golpe-al-delito-en-cipolletti-multiples-allanamientos-dejan-un-saldo-de-armas-sustancias-y-tecnologia-secuestrada","status":"publish","type":"post","link":"https:\/\/www.elpolitologoyelpolitico.com.ar\/wordpress\/2026\/04\/28\/golpe-al-delito-en-cipolletti-multiples-allanamientos-dejan-un-saldo-de-armas-sustancias-y-tecnologia-secuestrada\/","title":{"rendered":"Golpe al delito en Cipolletti: M\u00faltiples allanamientos dejan un saldo de armas, sustancias y tecnolog\u00eda secuestrada"},"content":{"rendered":"\n<p>En una jornada marcada por un fuerte despliegue policial, diversos sectores de la ciudad de Cipolletti fueron escenario este domingo de una serie de allanamientos simult\u00e1neos. Los procedimientos, que formaron parte de una investigaci\u00f3n judicial en curso, culminaron con el secuestro de armas de fuego, municiones, sustancias il\u00edcitas y dispositivos de comunicaci\u00f3n.<\/p>\n\n\n\n<p>Los operativos fueron encabezados por el personal de la Unidad 45, contando con el respaldo estrat\u00e9gico del COER (Cuerpo de Operaciones Especiales y Rescate) y la colaboraci\u00f3n de las unidades 68 y 79. Bajo la supervisi\u00f3n de las autoridades judiciales, los efectivos irrumpieron en varias viviendas con el objetivo de hallar elementos clave para el esclarecimiento de causas penales activas.<\/p>\n\n\n\n<p>En una de las propiedades inspeccionadas, los uniformados hallaron un estuche con municiones calibre 9 mil\u00edmetros, junto con varios tel\u00e9fonos celulares y un equipo de comunicaci\u00f3n port\u00e1til, elementos que suelen ser utilizados para coordinar actividades delictivas y evadir la frecuencia policial.<\/p>\n\n\n\n<p>Sin embargo, el hallazgo no se limit\u00f3 al armamento. En el mismo lugar, se incautaron cogollos de una sustancia vegetal que, tras las pruebas de campo, result\u00f3 ser cannabis. Como consecuencia, una persona fue formalmente imputada por presunta infracci\u00f3n a la Ley 23.737 (Ley de Drogas).<\/p>\n\n\n\n<p>En otro de los puntos allanados, la polic\u00eda logr\u00f3 retirar de las calles dos armas de fabricaci\u00f3n casera (com\u00fanmente conocidas como \u00abtumberas\u00bb), adem\u00e1s de cartuchos de diversos calibres y m\u00e1s dispositivos m\u00f3viles que ser\u00e1n peritados en las pr\u00f3ximas horas.<\/p>\n\n\n\n<p>La labor policial se extendi\u00f3 tambi\u00e9n a la v\u00eda p\u00fablica. El Gabinete de Criminal\u00edstica llev\u00f3 a cabo la requisa de un autom\u00f3vil vinculado al expediente judicial. En su interior, se encontr\u00f3 un cargador de arma de fuego con municiones. El veh\u00edculo fue trasladado a la dependencia policial y qued\u00f3 en calidad de secuestro para continuar con las pericias de rigor.<\/p>\n\n\n\n<p>Desde las fuerzas de seguridad informaron que estos procedimientos representan un avance significativo en la recolecci\u00f3n de pruebas. <strong>\u00abLa investigaci\u00f3n contin\u00faa para determinar el v\u00ednculo preciso entre los elementos incautados y los hechos que se encuentran bajo an\u00e1lisis judicial\u00bb<\/strong>, se\u00f1alaron fuentes cercanas al caso.<\/p>\n\n\n\n<p>Con estos operativos, las autoridades locales buscan llevar tranquilidad a los vecinos de Cipolletti, reforzando la presencia policial en las zonas m\u00e1s conflictivas y atacando directamente la proliferaci\u00f3n de armas ilegales en la regi\u00f3n.<\/p>\n<div class=\"fb-background-color\">\n\t\t\t  <div \n\t\t\t  \tclass = \"fb-comments\" \n\t\t\t  \tdata-href = \"https:\/\/www.elpolitologoyelpolitico.com.ar\/wordpress\/2026\/04\/28\/golpe-al-delito-en-cipolletti-multiples-allanamientos-dejan-un-saldo-de-armas-sustancias-y-tecnologia-secuestrada\/\"\n\t\t\t  \tdata-numposts = \"10\"\n\t\t\t  \tdata-lazy = \"true\"\n\t\t\t\tdata-colorscheme = \"light\"\n\t\t\t\tdata-order-by = \"social\"\n\t\t\t\tdata-mobile=true>\n\t\t\t  <\/div><\/div>\n\t\t  <style>\n\t\t    .fb-background-color {\n\t\t\t\tbackground: #ffffff !important;\n\t\t\t}\n\t\t\t.fb_iframe_widget_fluid_desktop iframe {\n\t\t\t    width: 100% !important;\n\t\t\t}\n\t\t  <\/style>\n\t\t  ","protected":false},"excerpt":{"rendered":"<p>En una jornada marcada por un fuerte despliegue policial, diversos sectores de la ciudad de Cipolletti fueron escenario este domingo de una serie de allanamientos simult\u00e1neos. Los procedimientos, que formaron parte de una investigaci\u00f3n judicial en curso, culminaron con el secuestro de armas de fuego, municiones, sustancias il\u00edcitas y dispositivos de comunicaci\u00f3n. Los operativos fueron [&hellip;]<\/p>\n","protected":false},"author":4,"featured_media":45235,"comment_status":"closed","ping_status":"closed","sticky":false,"template":"","format":"standard","meta":{"_joinchat":[],"footnotes":""},"categories":[39],"tags":[],"class_list":["post-45234","post","type-post","status-publish","format-standard","has-post-thumbnail","hentry","category-en-esta-seccion"],"_links":{"self":[{"href":"https:\/\/www.elpolitologoyelpolitico.com.ar\/wordpress\/wp-json\/wp\/v2\/posts\/45234","targetHints":{"allow":["GET"]}}],"collection":[{"href":"https:\/\/www.elpolitologoyelpolitico.com.ar\/wordpress\/wp-json\/wp\/v2\/posts"}],"about":[{"href":"https:\/\/www.elpolitologoyelpolitico.com.ar\/wordpress\/wp-json\/wp\/v2\/types\/post"}],"author":[{"embeddable":true,"href":"https:\/\/www.elpolitologoyelpolitico.com.ar\/wordpress\/wp-json\/wp\/v2\/users\/4"}],"replies":[{"embeddable":true,"href":"https:\/\/www.elpolitologoyelpolitico.com.ar\/wordpress\/wp-json\/wp\/v2\/comments?post=45234"}],"version-history":[{"count":1,"href":"https:\/\/www.elpolitologoyelpolitico.com.ar\/wordpress\/wp-json\/wp\/v2\/posts\/45234\/revisions"}],"predecessor-version":[{"id":45236,"href":"https:\/\/www.elpolitologoyelpolitico.com.ar\/wordpress\/wp-json\/wp\/v2\/posts\/45234\/revisions\/45236"}],"wp:featuredmedia":[{"embeddable":true,"href":"https:\/\/www.elpolitologoyelpolitico.com.ar\/wordpress\/wp-json\/wp\/v2\/media\/45235"}],"wp:attachment":[{"href":"https:\/\/www.elpolitologoyelpolitico.com.ar\/wordpress\/wp-json\/wp\/v2\/media?parent=45234"}],"wp:term":[{"taxonomy":"category","embeddable":true,"href":"https:\/\/www.elpolitologoyelpolitico.com.ar\/wordpress\/wp-json\/wp\/v2\/categories?post=45234"},{"taxonomy":"post_tag","embeddable":true,"href":"https:\/\/www.elpolitologoyelpolitico.com.ar\/wordpress\/wp-json\/wp\/v2\/tags?post=45234"}],"curies":[{"name":"wp","href":"https:\/\/api.w.org\/{rel}","templated":true}]}}