{"id":45231,"date":"2026-04-28T23:23:03","date_gmt":"2026-04-29T02:23:03","guid":{"rendered":"https:\/\/www.elpolitologoyelpolitico.com.ar\/wordpress\/?p=45231"},"modified":"2026-04-28T23:23:06","modified_gmt":"2026-04-29T02:23:06","slug":"alerta-meteorologica-en-el-norte-patagonico-rafagas-de-100-km-h-y-nevadas-para-este-miercoles","status":"publish","type":"post","link":"https:\/\/www.elpolitologoyelpolitico.com.ar\/wordpress\/2026\/04\/28\/alerta-meteorologica-en-el-norte-patagonico-rafagas-de-100-km-h-y-nevadas-para-este-miercoles\/","title":{"rendered":"Alerta meteorol\u00f3gica en el norte patag\u00f3nico: r\u00e1fagas de 100 km\/h y nevadas para este mi\u00e9rcoles"},"content":{"rendered":"\n<p>La regi\u00f3n del norte de la Patagonia se prepara para una jornada de mi\u00e9rcoles marcada por la inestabilidad clim\u00e1tica extrema. El Servicio Meteorol\u00f3gico Nacional (SMN) emiti\u00f3 y extendi\u00f3 una alerta amarilla que afecta a gran parte de las provincias de Neuqu\u00e9n y R\u00edo Negro, advirtiendo sobre vientos con r\u00e1fagas que podr\u00edan alcanzar los 100 kil\u00f3metros por hora.<\/p>\n\n\n\n<p>Seg\u00fan el reporte oficial, el fen\u00f3meno se caracterizar\u00e1 por vientos del sector oeste con velocidades constantes de entre 50 y 70 km\/h. Sin embargo, la mayor preocupaci\u00f3n radica en las r\u00e1fagas, que superar\u00e1n los 90 km\/h y llegar\u00e1n a los 100 km\/h en puntos espec\u00edficos de la meseta y el norte neuquino.<\/p>\n\n\n\n<p>En Neuqu\u00e9n, las \u00e1reas bajo advertencia incluyen desde el este de Loncopu\u00e9 y Picunches hasta las zonas de A\u00f1elo, Pehuenches y la cordillera de Huiliches y L\u00e1car. Por su parte, en R\u00edo Negro, se espera que el impacto se sienta con fuerza en la regi\u00f3n de la L\u00ednea Sur y la zona cordillerana.<\/p>\n\n\n\n<p>Adem\u00e1s del viento, se mantiene una alerta por precipitaciones persistentes. Se estima que los valores de lluvia acumulada rondar\u00e1n entre los 15 y 30 mm, aunque en las zonas de alta monta\u00f1a estas condiciones podr\u00edan transformarse en nevadas intensas.<\/p>\n\n\n\n<p>Las autoridades locales han solicitado a la poblaci\u00f3n extremar las precauciones, especialmente en las rutas cordilleranas donde la visibilidad puede verse reducida por la combinaci\u00f3n de viento y nieve, y el riesgo de ca\u00edda de ramas o postes es elevado en las zonas urbanas.<\/p>\n\n\n\n<p>Ante la vigencia de la alerta amarilla, los organismos de Defensa Civil sugieren:<\/p>\n\n\n\n<ul class=\"wp-block-list\">\n<li>Evitar circular por zonas arboladas o con estructuras que puedan ceder ante el viento.<\/li>\n\n\n\n<li>Asegurar objetos en balcones y patios que puedan ser arrastrados.<\/li>\n\n\n\n<li>Mantenerse informado a trav\u00e9s de los canales oficiales antes de emprender viajes por carretera.<\/li>\n\n\n\n<li>En zonas de cordillera, portar cadenas y verificar el estado de los pasos fronterizos.<\/li>\n<\/ul>\n\n\n\n<p>Se espera que las condiciones comiencen a mejorar gradualmente hacia el final del jueves, aunque el fr\u00edo oto\u00f1al se consolidar\u00e1 en toda la regi\u00f3n durante el resto de la semana.<\/p>\n<div class=\"fb-background-color\">\n\t\t\t  <div \n\t\t\t  \tclass = \"fb-comments\" \n\t\t\t  \tdata-href = \"https:\/\/www.elpolitologoyelpolitico.com.ar\/wordpress\/2026\/04\/28\/alerta-meteorologica-en-el-norte-patagonico-rafagas-de-100-km-h-y-nevadas-para-este-miercoles\/\"\n\t\t\t  \tdata-numposts = \"10\"\n\t\t\t  \tdata-lazy = \"true\"\n\t\t\t\tdata-colorscheme = \"light\"\n\t\t\t\tdata-order-by = \"social\"\n\t\t\t\tdata-mobile=true>\n\t\t\t  <\/div><\/div>\n\t\t  <style>\n\t\t    .fb-background-color {\n\t\t\t\tbackground: #ffffff !important;\n\t\t\t}\n\t\t\t.fb_iframe_widget_fluid_desktop iframe {\n\t\t\t    width: 100% !important;\n\t\t\t}\n\t\t  <\/style>\n\t\t  ","protected":false},"excerpt":{"rendered":"<p>La regi\u00f3n del norte de la Patagonia se prepara para una jornada de mi\u00e9rcoles marcada por la inestabilidad clim\u00e1tica extrema. El Servicio Meteorol\u00f3gico Nacional (SMN) emiti\u00f3 y extendi\u00f3 una alerta amarilla que afecta a gran parte de las provincias de Neuqu\u00e9n y R\u00edo Negro, advirtiendo sobre vientos con r\u00e1fagas que podr\u00edan alcanzar los 100 kil\u00f3metros [&hellip;]<\/p>\n","protected":false},"author":4,"featured_media":45232,"comment_status":"closed","ping_status":"closed","sticky":false,"template":"","format":"standard","meta":{"_joinchat":[],"footnotes":""},"categories":[39],"tags":[],"class_list":["post-45231","post","type-post","status-publish","format-standard","has-post-thumbnail","hentry","category-en-esta-seccion"],"_links":{"self":[{"href":"https:\/\/www.elpolitologoyelpolitico.com.ar\/wordpress\/wp-json\/wp\/v2\/posts\/45231","targetHints":{"allow":["GET"]}}],"collection":[{"href":"https:\/\/www.elpolitologoyelpolitico.com.ar\/wordpress\/wp-json\/wp\/v2\/posts"}],"about":[{"href":"https:\/\/www.elpolitologoyelpolitico.com.ar\/wordpress\/wp-json\/wp\/v2\/types\/post"}],"author":[{"embeddable":true,"href":"https:\/\/www.elpolitologoyelpolitico.com.ar\/wordpress\/wp-json\/wp\/v2\/users\/4"}],"replies":[{"embeddable":true,"href":"https:\/\/www.elpolitologoyelpolitico.com.ar\/wordpress\/wp-json\/wp\/v2\/comments?post=45231"}],"version-history":[{"count":1,"href":"https:\/\/www.elpolitologoyelpolitico.com.ar\/wordpress\/wp-json\/wp\/v2\/posts\/45231\/revisions"}],"predecessor-version":[{"id":45233,"href":"https:\/\/www.elpolitologoyelpolitico.com.ar\/wordpress\/wp-json\/wp\/v2\/posts\/45231\/revisions\/45233"}],"wp:featuredmedia":[{"embeddable":true,"href":"https:\/\/www.elpolitologoyelpolitico.com.ar\/wordpress\/wp-json\/wp\/v2\/media\/45232"}],"wp:attachment":[{"href":"https:\/\/www.elpolitologoyelpolitico.com.ar\/wordpress\/wp-json\/wp\/v2\/media?parent=45231"}],"wp:term":[{"taxonomy":"category","embeddable":true,"href":"https:\/\/www.elpolitologoyelpolitico.com.ar\/wordpress\/wp-json\/wp\/v2\/categories?post=45231"},{"taxonomy":"post_tag","embeddable":true,"href":"https:\/\/www.elpolitologoyelpolitico.com.ar\/wordpress\/wp-json\/wp\/v2\/tags?post=45231"}],"curies":[{"name":"wp","href":"https:\/\/api.w.org\/{rel}","templated":true}]}}