{"id":45224,"date":"2026-04-28T17:34:26","date_gmt":"2026-04-28T20:34:26","guid":{"rendered":"https:\/\/www.elpolitologoyelpolitico.com.ar\/wordpress\/?p=45224"},"modified":"2026-04-28T17:34:28","modified_gmt":"2026-04-28T20:34:28","slug":"exitoso-bingo-solidario-para-recaudar-dinero-y-continuar-con-el-pedido-de-justicia-por-la-muerte-de-ramiro-dina","status":"publish","type":"post","link":"https:\/\/www.elpolitologoyelpolitico.com.ar\/wordpress\/2026\/04\/28\/exitoso-bingo-solidario-para-recaudar-dinero-y-continuar-con-el-pedido-de-justicia-por-la-muerte-de-ramiro-dina\/","title":{"rendered":"Exitoso bingo solidario para recaudar dinero y continuar con el pedido de Justicia por la muerte de Ramiro Dina"},"content":{"rendered":"\n<p>Ni el viento ni la lluvia que azotaron a la regi\u00f3n lograron frenar la convocatoria. El pasado fin de semana, el Centro de Jubilados de Patagones se transform\u00f3 en un epicentro de compromiso social, donde vecinos de Viedma y Carmen de Patagones se acercaron para participar del Bingo Solidario organizado por la familia de Ramiro Dina.<\/p>\n\n\n\n<figure class=\"wp-block-image size-full\"><img fetchpriority=\"high\" decoding=\"async\" width=\"640\" height=\"312\" src=\"https:\/\/www.elpolitologoyelpolitico.com.ar\/wp-content\/uploads\/2026\/04\/PORTADA-55-1.png\" alt=\"\" class=\"wp-image-45229\" srcset=\"https:\/\/www.elpolitologoyelpolitico.com.ar\/wp-content\/uploads\/2026\/04\/PORTADA-55-1.png 640w, https:\/\/www.elpolitologoyelpolitico.com.ar\/wp-content\/uploads\/2026\/04\/PORTADA-55-1-300x146.png 300w\" sizes=\"(max-width: 640px) 100vw, 640px\" \/><\/figure>\n\n\n\n<p>El evento, que ten\u00eda como objetivo principal recaudar fondos para sostener los costos de la causa judicial, super\u00f3 las expectativas de los organizadores. En un clima de calidez que contrast\u00f3 con el clima exterior, el buffet y los sorteos permitieron dar un paso m\u00e1s en la b\u00fasqueda de justicia.<\/p>\n\n\n\n<p>Tras la jornada, la familia Dina utiliz\u00f3 sus redes sociales para expresar una profunda gratitud hacia la comunidad. En un emotivo mensaje, destacaron el rol del equipo que los acompa\u00f1a \u00abdesde el d\u00eda uno\u00bb y agradecieron especialmente a quienes, aun sin poder asistir, colaboraron comprando entradas o donando insumos para el buffet.<\/p>\n\n\n\n<p><strong>\u00abNos falta un poco menos y es gracias a ustedes&#8230; fue m\u00e1s de lo que esper\u00e1bamos. Gracias a cada emprendedor y a cada persona que acompa\u00f1\u00f3 la causa una vez m\u00e1s\u00bb<\/strong>, manifestaron.<\/p>\n\n\n\n<figure class=\"wp-block-image size-full\"><img decoding=\"async\" width=\"640\" height=\"312\" src=\"https:\/\/www.elpolitologoyelpolitico.com.ar\/wp-content\/uploads\/2026\/04\/PORTADA-54-1.png\" alt=\"\" class=\"wp-image-45228\" srcset=\"https:\/\/www.elpolitologoyelpolitico.com.ar\/wp-content\/uploads\/2026\/04\/PORTADA-54-1.png 640w, https:\/\/www.elpolitologoyelpolitico.com.ar\/wp-content\/uploads\/2026\/04\/PORTADA-54-1-300x146.png 300w\" sizes=\"(max-width: 640px) 100vw, 640px\" \/><\/figure>\n\n\n\n<p>El agradecimiento se hizo extensivo a colaboradores particulares, al personal del Centro de Jubilados y a organizaciones como el PTS Viedma, cuyo gesto fue valorado enormemente por la familia en este contexto de lucha.<\/p>\n\n\n\n<p>A medida que las actividades comunitarias avanzan para sostener la log\u00edstica legal, la familia contin\u00faa exigiendo celeridad y transparencia en el caso judicial por la muerte de Ramiro.<\/p>\n\n\n\n<p>Actualmente, el proceso se encuentra en una etapa clave de producci\u00f3n de pruebas y peritajes para determinar las responsabilidades materiales e intelectuales del hecho. El reclamo central sigue siendo el mismo: que se sepa la verdad. La querella busca que la causa no se estanque y que las pruebas recolectadas en los \u00faltimos meses permitan elevar el caso a una instancia de juicio oral con las garant\u00edas necesarias.<\/p>\n\n\n\n<p>El lema \u00abJusticia por Ramiro Dina\u00bb no solo cerr\u00f3 el comunicado de la familia, sino que reson\u00f3 con fuerza en cada rinc\u00f3n del sal\u00f3n durante el bingo, reafirmando que el acompa\u00f1amiento de Viedma y Patagones sigue siendo el motor principal de este pedido de justicia.<\/p>\n<div class=\"fb-background-color\">\n\t\t\t  <div \n\t\t\t  \tclass = \"fb-comments\" \n\t\t\t  \tdata-href = \"https:\/\/www.elpolitologoyelpolitico.com.ar\/wordpress\/2026\/04\/28\/exitoso-bingo-solidario-para-recaudar-dinero-y-continuar-con-el-pedido-de-justicia-por-la-muerte-de-ramiro-dina\/\"\n\t\t\t  \tdata-numposts = \"10\"\n\t\t\t  \tdata-lazy = \"true\"\n\t\t\t\tdata-colorscheme = \"light\"\n\t\t\t\tdata-order-by = \"social\"\n\t\t\t\tdata-mobile=true>\n\t\t\t  <\/div><\/div>\n\t\t  <style>\n\t\t    .fb-background-color {\n\t\t\t\tbackground: #ffffff !important;\n\t\t\t}\n\t\t\t.fb_iframe_widget_fluid_desktop iframe {\n\t\t\t    width: 100% !important;\n\t\t\t}\n\t\t  <\/style>\n\t\t  ","protected":false},"excerpt":{"rendered":"<p>Ni el viento ni la lluvia que azotaron a la regi\u00f3n lograron frenar la convocatoria. El pasado fin de semana, el Centro de Jubilados de Patagones se transform\u00f3 en un epicentro de compromiso social, donde vecinos de Viedma y Carmen de Patagones se acercaron para participar del Bingo Solidario organizado por la familia de Ramiro [&hellip;]<\/p>\n","protected":false},"author":4,"featured_media":45226,"comment_status":"closed","ping_status":"closed","sticky":false,"template":"","format":"standard","meta":{"_joinchat":[],"footnotes":""},"categories":[39],"tags":[],"class_list":["post-45224","post","type-post","status-publish","format-standard","has-post-thumbnail","hentry","category-en-esta-seccion"],"_links":{"self":[{"href":"https:\/\/www.elpolitologoyelpolitico.com.ar\/wordpress\/wp-json\/wp\/v2\/posts\/45224","targetHints":{"allow":["GET"]}}],"collection":[{"href":"https:\/\/www.elpolitologoyelpolitico.com.ar\/wordpress\/wp-json\/wp\/v2\/posts"}],"about":[{"href":"https:\/\/www.elpolitologoyelpolitico.com.ar\/wordpress\/wp-json\/wp\/v2\/types\/post"}],"author":[{"embeddable":true,"href":"https:\/\/www.elpolitologoyelpolitico.com.ar\/wordpress\/wp-json\/wp\/v2\/users\/4"}],"replies":[{"embeddable":true,"href":"https:\/\/www.elpolitologoyelpolitico.com.ar\/wordpress\/wp-json\/wp\/v2\/comments?post=45224"}],"version-history":[{"count":3,"href":"https:\/\/www.elpolitologoyelpolitico.com.ar\/wordpress\/wp-json\/wp\/v2\/posts\/45224\/revisions"}],"predecessor-version":[{"id":45230,"href":"https:\/\/www.elpolitologoyelpolitico.com.ar\/wordpress\/wp-json\/wp\/v2\/posts\/45224\/revisions\/45230"}],"wp:featuredmedia":[{"embeddable":true,"href":"https:\/\/www.elpolitologoyelpolitico.com.ar\/wordpress\/wp-json\/wp\/v2\/media\/45226"}],"wp:attachment":[{"href":"https:\/\/www.elpolitologoyelpolitico.com.ar\/wordpress\/wp-json\/wp\/v2\/media?parent=45224"}],"wp:term":[{"taxonomy":"category","embeddable":true,"href":"https:\/\/www.elpolitologoyelpolitico.com.ar\/wordpress\/wp-json\/wp\/v2\/categories?post=45224"},{"taxonomy":"post_tag","embeddable":true,"href":"https:\/\/www.elpolitologoyelpolitico.com.ar\/wordpress\/wp-json\/wp\/v2\/tags?post=45224"}],"curies":[{"name":"wp","href":"https:\/\/api.w.org\/{rel}","templated":true}]}}